{"id":29859,"date":"2023-03-21T16:40:38","date_gmt":"2023-03-21T15:40:38","guid":{"rendered":"http:\/\/progressivemagazin.rs\/online\/?p=29859"},"modified":"2023-03-21T16:40:39","modified_gmt":"2023-03-21T15:40:39","slug":"u-zrenjaninu-obelezen-svetski-dan-osoba-sa-daunovim-sindromom","status":"publish","type":"post","link":"https:\/\/progressivemagazin.rs\/online\/u-zrenjaninu-obelezen-svetski-dan-osoba-sa-daunovim-sindromom\/","title":{"rendered":"U ZRENJANINU OBELE\u017dEN SVETSKI DAN OSOBA SA DAUNOVIM SINDROMOM"},"content":{"rendered":"<div class=\"wp-block-image\">\n<figure class=\"aligncenter size-full\"><img decoding=\"async\" loading=\"lazy\" width=\"400\" height=\"340\" src=\"http:\/\/progressivemagazin.rs\/online\/wp-content\/uploads\/2023\/03\/21323-gomex-daunov.jpg\" alt=\"\" class=\"wp-image-29860\" srcset=\"https:\/\/progressivemagazin.rs\/online\/wp-content\/uploads\/2023\/03\/21323-gomex-daunov.jpg 400w, https:\/\/progressivemagazin.rs\/online\/wp-content\/uploads\/2023\/03\/21323-gomex-daunov-300x255.jpg 300w\" sizes=\"(max-width: 400px) 100vw, 400px\" \/><\/figure><\/div>\n\n\n<p><\/p>\n\n\n\n<p><strong>21. III 2023 |<\/strong>\u00a0U organizaciji Osnovne i srednje \u0161kole 9. maj, a uz podr\u0161ku kompanije Gomex, 21. marta, na Trgu slobode u Zrenjaninu obele\u017een je Svetski dan osoba sa Daunovim sindromom. Tradicionalna \u0161etnja kroz centar grada odr\u017eana je i ove godine.<\/p>\n\n\n\n<p>U \u0161arenim ili rasparenim \u010darapama, u \u0161etnju su krenuli \u0111aci vi\u0161e gradskih vrti\u0107a i osnovnih \u0161kola, kao i predstavnici Gomex-a i drugi. \u0160arena kolona je prodefilovala ulicom Kralja Aleksandra Kara\u0111or\u0111evi\u0107a nose\u0107i transparente sa porukama podr\u0161ke osobama sa Daunovim sindromom. Na samom kraju \u0161etnje, ka nebu je poletelo mno\u0161tvo \u0161arenih balona.<\/p>\n\n\n\n<p>Svetski dan osoba sa Daunovim sindromom je ustanovljen 2006. godine, a 21. mart je simboli\u010dno izabran, jer je cilj da se uka\u017ee na jedinstvenost trizomije 21. para hromozoma koji uzrokuju ovaj sindrom. No\u0161enje \u0161arenih, rasparenih \u010darapa na ovaj dan simbolizuje razli\u010ditosti, koje su ba\u0161 kao i \u010darape, prepune \u0161arenila i boja.<\/p>\n\n\n\n<p>Cilj obele\u017eavanja ovog dana je bu\u0111enje svesti i razumevanja i me\u0111unarodna podr\u0161ka kako bi se po\u0161tovala prava ljudi s Daunovim sindromom i pobolj\u0161ao njihov polo\u017eaj, a samim tim i kvalitet \u017eivota.<\/p>\n","protected":false},"excerpt":{"rendered":"<p>21. III 2023 |\u00a0U organizaciji Osnovne i srednje \u0161kole 9. maj, a uz podr\u0161ku kompanije Gomex, 21. marta, na Trgu slobode u Zrenjaninu obele\u017een je Svetski dan osoba sa Daunovim sindromom. Tradicionalna \u0161etnja kroz centar grada odr\u017eana je i ove godine. U \u0161arenim ili rasparenim \u010darapama, u \u0161etnju su krenuli \u0111aci vi\u0161e gradskih vrti\u0107a i [&hellip;]<\/p>\n","protected":false},"author":1,"featured_media":29860,"comment_status":"closed","ping_status":"open","sticky":false,"template":"","format":"standard","meta":{"pgc_sgb_lightbox_settings":""},"categories":[48,1],"tags":[],"_links":{"self":[{"href":"https:\/\/progressivemagazin.rs\/online\/wp-json\/wp\/v2\/posts\/29859"}],"collection":[{"href":"https:\/\/progressivemagazin.rs\/online\/wp-json\/wp\/v2\/posts"}],"about":[{"href":"https:\/\/progressivemagazin.rs\/online\/wp-json\/wp\/v2\/types\/post"}],"author":[{"embeddable":true,"href":"https:\/\/progressivemagazin.rs\/online\/wp-json\/wp\/v2\/users\/1"}],"replies":[{"embeddable":true,"href":"https:\/\/progressivemagazin.rs\/online\/wp-json\/wp\/v2\/comments?post=29859"}],"version-history":[{"count":1,"href":"https:\/\/progressivemagazin.rs\/online\/wp-json\/wp\/v2\/posts\/29859\/revisions"}],"predecessor-version":[{"id":29861,"href":"https:\/\/progressivemagazin.rs\/online\/wp-json\/wp\/v2\/posts\/29859\/revisions\/29861"}],"wp:featuredmedia":[{"embeddable":true,"href":"https:\/\/progressivemagazin.rs\/online\/wp-json\/wp\/v2\/media\/29860"}],"wp:attachment":[{"href":"https:\/\/progressivemagazin.rs\/online\/wp-json\/wp\/v2\/media?parent=29859"}],"wp:term":[{"taxonomy":"category","embeddable":true,"href":"https:\/\/progressivemagazin.rs\/online\/wp-json\/wp\/v2\/categories?post=29859"},{"taxonomy":"post_tag","embeddable":true,"href":"https:\/\/progressivemagazin.rs\/online\/wp-json\/wp\/v2\/tags?post=29859"}],"curies":[{"name":"wp","href":"https:\/\/api.w.org\/{rel}","templated":true}]}}