{"id":29853,"date":"2023-03-20T19:02:47","date_gmt":"2023-03-20T18:02:47","guid":{"rendered":"http:\/\/progressivemagazin.rs\/online\/?p=29853"},"modified":"2023-03-20T19:02:47","modified_gmt":"2023-03-20T18:02:47","slug":"mala-skola-reciklaze-za-osnovce-u-pozarevcu","status":"publish","type":"post","link":"https:\/\/progressivemagazin.rs\/online\/mala-skola-reciklaze-za-osnovce-u-pozarevcu\/","title":{"rendered":"\u2018MALA \u0160KOLA RECIKLA\u017dE\u2019 ZA OSNOVCE U PO\u017dAREVCU"},"content":{"rendered":"<div class=\"wp-block-image\">\n<figure class=\"aligncenter size-full\"><img decoding=\"async\" loading=\"lazy\" width=\"400\" height=\"340\" src=\"http:\/\/progressivemagazin.rs\/online\/wp-content\/uploads\/2023\/03\/20323-bambi-reciklaza.jpg\" alt=\"\" class=\"wp-image-29854\" srcset=\"https:\/\/progressivemagazin.rs\/online\/wp-content\/uploads\/2023\/03\/20323-bambi-reciklaza.jpg 400w, https:\/\/progressivemagazin.rs\/online\/wp-content\/uploads\/2023\/03\/20323-bambi-reciklaza-300x255.jpg 300w\" sizes=\"(max-width: 400px) 100vw, 400px\" \/><\/figure><\/div>\n\n\n<p><\/p>\n\n\n\n<p><strong>20. III 2023 |<\/strong>\u00a0Vode\u0107i se podatkom Agencije za za\u0161titu \u017eivotne sredine da se u Srbiji godi\u0161nje generi\u0161e vi\u0161e od 11 miliona tona otpada, kompanija Bambi pokrenula je projekat \u2018Mala \u0161kola recikla\u017ee\u2019 u saradnji sa vode\u0107im operaterom ambala\u017enog otpada Sekopak. Sa ciljem da doprinese unapre\u0111enju primarne selekcije otpada, ali i ja\u010danju ekolo\u0161ke svesti, naro\u010dito me\u0111u mla\u0111om populacijom, kompanija \u0107e kroz projekat \u2018Mala \u0161kola recikla\u017ee\u2019 organizovati takmi\u010denje u prikupljanju otpada i niz edukativnih radionica kako bi najmla\u0111e upoznala sa procesom recikla\u017ee i va\u017enosti njene primene.<\/p>\n\n\n\n<p>Projekat je zvani\u010dno zapo\u010det pozori\u0161nom predstavom \u2018Sakupljaj svoju ambala\u017eu i nosi na recikla\u017eu\u2019, kojom su kompanije Bambi i Sekopak obele\u017eile i Svetski dan recikla\u017ee. Pozori\u0161na predstava, odr\u017eana u Centru za kulturu Po\u017earevac koji je prepoznao zna\u010daj ovog projekta, okupila je 900 \u0111aka ni\u017eih razreda po\u017eareva\u010dkih osnovnih \u0161kola. U maestralnoj izvedbi, popularni glumci Boda Ninkovi\u0107, Jovica Ti\u0161ma i Mirjana Trebinjac, na kreativan i interaktivan na\u010din, kroz pesmu i glumu, govorili su o zna\u010daju recikla\u017ee.<\/p>\n\n\n\n<p>\u201cU saradnji sa osnovnim \u0161kolama u Po\u017earevcu, radi\u0107emo na edukaciji najmla\u0111ih o pravilnoj selekciji otpada i zna\u010daju odgovornog odnosa prema iskori\u0161\u0107enoj ambala\u017ei, kako bi recikla\u017ea postala navika. U okviru svih \u0161kola postavi\u0107emo dve vrste kutija &#8211; \u017eute u kojima se odla\u017eu plasti\u010dne fla\u0161e i limenke, i plave kutije za papir i karton. Takmi\u010denje koje smo pripremili u okviru projekta \u2018Mala \u0161kola recikla\u017ee\u2019 traje do 20. maja i unapred se radujemo rezultatima\u201c, navela je Milica Kuzmanov, marketing menad\u017eer u Sekopaku.&nbsp;&nbsp;<\/p>\n\n\n\n<p>Osnovne \u0161kole koje prikupe najve\u0107u koli\u010dinu ambala\u017ee po u\u010deniku o\u010dekuju razne nagrade u kojima \u0107e \u0111aci u\u017eivati.<\/p>\n\n\n\n<p>\u201cVerujem da \u0107e deca kroz ovaj projekat ste\u0107i znanja i biti motivisana da u budu\u0107nosti recikliraju ambala\u017eni otpad, ali i da podstaknu svoje drugare, roditelje, bake i deke, da \u010dine isto. Jedna kineska poslovica ka\u017ee da su deca kao komad \u010distog papira na kome svojim delima ostavljamo bele\u0161ke. Potrudimo se da ih ispunimo plemenitim bele\u0161kama koje \u0107e im biti reper u \u017eivotu, ali i da im sami svojim odgovornim pona\u0161anjem budemo uzor\u201c, istakao je Ivan Jovanovi\u0107, menad\u017eer korporativnih komunikacija kompanije Bambi.<\/p>\n\n\n\n<p>Pridru\u017euju\u0107i se inicijativi Svet bez otpada, u okviru globalnih ciljeva odr\u017eivog razvoja UN, kompanija Bambi definisala je dostizanje nula otpada do 2030. godine i pokrenula set aktivnosti kroz infrastukturna ulaganja, kao i kroz kontinuiranu edukaciju javnosti u upravljanju otpadom.<\/p>\n","protected":false},"excerpt":{"rendered":"<p>20. III 2023 |\u00a0Vode\u0107i se podatkom Agencije za za\u0161titu \u017eivotne sredine da se u Srbiji godi\u0161nje generi\u0161e vi\u0161e od 11 miliona tona otpada, kompanija Bambi pokrenula je projekat \u2018Mala \u0161kola recikla\u017ee\u2019 u saradnji sa vode\u0107im operaterom ambala\u017enog otpada Sekopak. Sa ciljem da doprinese unapre\u0111enju primarne selekcije otpada, ali i ja\u010danju ekolo\u0161ke svesti, naro\u010dito me\u0111u mla\u0111om [&hellip;]<\/p>\n","protected":false},"author":1,"featured_media":29854,"comment_status":"closed","ping_status":"open","sticky":false,"template":"","format":"standard","meta":{"pgc_sgb_lightbox_settings":""},"categories":[48,1],"tags":[],"_links":{"self":[{"href":"https:\/\/progressivemagazin.rs\/online\/wp-json\/wp\/v2\/posts\/29853"}],"collection":[{"href":"https:\/\/progressivemagazin.rs\/online\/wp-json\/wp\/v2\/posts"}],"about":[{"href":"https:\/\/progressivemagazin.rs\/online\/wp-json\/wp\/v2\/types\/post"}],"author":[{"embeddable":true,"href":"https:\/\/progressivemagazin.rs\/online\/wp-json\/wp\/v2\/users\/1"}],"replies":[{"embeddable":true,"href":"https:\/\/progressivemagazin.rs\/online\/wp-json\/wp\/v2\/comments?post=29853"}],"version-history":[{"count":1,"href":"https:\/\/progressivemagazin.rs\/online\/wp-json\/wp\/v2\/posts\/29853\/revisions"}],"predecessor-version":[{"id":29855,"href":"https:\/\/progressivemagazin.rs\/online\/wp-json\/wp\/v2\/posts\/29853\/revisions\/29855"}],"wp:featuredmedia":[{"embeddable":true,"href":"https:\/\/progressivemagazin.rs\/online\/wp-json\/wp\/v2\/media\/29854"}],"wp:attachment":[{"href":"https:\/\/progressivemagazin.rs\/online\/wp-json\/wp\/v2\/media?parent=29853"}],"wp:term":[{"taxonomy":"category","embeddable":true,"href":"https:\/\/progressivemagazin.rs\/online\/wp-json\/wp\/v2\/categories?post=29853"},{"taxonomy":"post_tag","embeddable":true,"href":"https:\/\/progressivemagazin.rs\/online\/wp-json\/wp\/v2\/tags?post=29853"}],"curies":[{"name":"wp","href":"https:\/\/api.w.org\/{rel}","templated":true}]}}