{"id":29845,"date":"2023-03-17T15:47:18","date_gmt":"2023-03-17T14:47:18","guid":{"rendered":"http:\/\/progressivemagazin.rs\/online\/?p=29845"},"modified":"2023-03-17T15:47:19","modified_gmt":"2023-03-17T14:47:19","slug":"gomex-od-sada-i-u-adasevcima","status":"publish","type":"post","link":"https:\/\/progressivemagazin.rs\/online\/gomex-od-sada-i-u-adasevcima\/","title":{"rendered":"GOMEX OD SADA I U ADA\u0160EVCIMA"},"content":{"rendered":"<div class=\"wp-block-image\">\n<figure class=\"aligncenter size-full\"><img decoding=\"async\" loading=\"lazy\" width=\"400\" height=\"340\" src=\"http:\/\/progressivemagazin.rs\/online\/wp-content\/uploads\/2023\/03\/17323-Gomex-_Adasevci-_otvaranje.jpg\" alt=\"\" class=\"wp-image-29846\" srcset=\"https:\/\/progressivemagazin.rs\/online\/wp-content\/uploads\/2023\/03\/17323-Gomex-_Adasevci-_otvaranje.jpg 400w, https:\/\/progressivemagazin.rs\/online\/wp-content\/uploads\/2023\/03\/17323-Gomex-_Adasevci-_otvaranje-300x255.jpg 300w\" sizes=\"(max-width: 400px) 100vw, 400px\" \/><\/figure><\/div>\n\n\n<p><\/p>\n\n\n\n<p><strong>17. III 2023 |<\/strong>\u00a0Trgovinski lanac Gomex je u petak, 17. marta, otvorio novu prodavnicu, ovoga puta u Ada\u0161evcima, u op\u0161tini \u0160id. Radnja se nalazi u Fru\u0161kogorskoj 2 i nudi bogat asortiman proizvoda po povoljnim cenama, \u0161to \u0107e kupcima iz pomenutog mesta svakako pru\u017eiti mogu\u0107nost da u\u0161tede svoje vreme i novac. U pitanju je mini-market, \u010dija povr\u0161ina prodajnog prostora iznosi 110m<sup>2<\/sup> i koji kupcima nudi asortiman od preko 3.000 svakodnevno potrebnih artikala. Prodavnica \u0107e od ponedeljka do subote raditi od 7:00 do 21:00h, dok \u0107e nedeljom raditi skra\u0107eno &#8211; od 7:00 do 13:00h. U ovom prodajnom objektu zaposleno je pet novih radnika.<\/p>\n\n\n\n<p>Otvaranje su obele\u017eila akcijska sni\u017eenja, specijalne akcije i pokloni za prve kupce, a potro\u0161a\u010dima je predstavljena i Gomex aplikacija, kao i Smart kuponi koji se (putem aplikacije) dobijaju nakon svake kupovine u vrednosti ve\u0107oj od 1.000 dinara.<\/p>\n","protected":false},"excerpt":{"rendered":"<p>17. III 2023 |\u00a0Trgovinski lanac Gomex je u petak, 17. marta, otvorio novu prodavnicu, ovoga puta u Ada\u0161evcima, u op\u0161tini \u0160id. Radnja se nalazi u Fru\u0161kogorskoj 2 i nudi bogat asortiman proizvoda po povoljnim cenama, \u0161to \u0107e kupcima iz pomenutog mesta svakako pru\u017eiti mogu\u0107nost da u\u0161tede svoje vreme i novac. U pitanju je mini-market, \u010dija [&hellip;]<\/p>\n","protected":false},"author":1,"featured_media":29846,"comment_status":"closed","ping_status":"open","sticky":false,"template":"","format":"standard","meta":{"pgc_sgb_lightbox_settings":""},"categories":[47,1],"tags":[],"_links":{"self":[{"href":"https:\/\/progressivemagazin.rs\/online\/wp-json\/wp\/v2\/posts\/29845"}],"collection":[{"href":"https:\/\/progressivemagazin.rs\/online\/wp-json\/wp\/v2\/posts"}],"about":[{"href":"https:\/\/progressivemagazin.rs\/online\/wp-json\/wp\/v2\/types\/post"}],"author":[{"embeddable":true,"href":"https:\/\/progressivemagazin.rs\/online\/wp-json\/wp\/v2\/users\/1"}],"replies":[{"embeddable":true,"href":"https:\/\/progressivemagazin.rs\/online\/wp-json\/wp\/v2\/comments?post=29845"}],"version-history":[{"count":1,"href":"https:\/\/progressivemagazin.rs\/online\/wp-json\/wp\/v2\/posts\/29845\/revisions"}],"predecessor-version":[{"id":29847,"href":"https:\/\/progressivemagazin.rs\/online\/wp-json\/wp\/v2\/posts\/29845\/revisions\/29847"}],"wp:featuredmedia":[{"embeddable":true,"href":"https:\/\/progressivemagazin.rs\/online\/wp-json\/wp\/v2\/media\/29846"}],"wp:attachment":[{"href":"https:\/\/progressivemagazin.rs\/online\/wp-json\/wp\/v2\/media?parent=29845"}],"wp:term":[{"taxonomy":"category","embeddable":true,"href":"https:\/\/progressivemagazin.rs\/online\/wp-json\/wp\/v2\/categories?post=29845"},{"taxonomy":"post_tag","embeddable":true,"href":"https:\/\/progressivemagazin.rs\/online\/wp-json\/wp\/v2\/tags?post=29845"}],"curies":[{"name":"wp","href":"https:\/\/api.w.org\/{rel}","templated":true}]}}