{"id":29826,"date":"2023-03-14T14:02:44","date_gmt":"2023-03-14T13:02:44","guid":{"rendered":"http:\/\/progressivemagazin.rs\/online\/?p=29826"},"modified":"2023-03-14T14:02:44","modified_gmt":"2023-03-14T13:02:44","slug":"kompanija-vgp-najavila-pocetak-izgradnje-najveceg-logistickog-centra-u-srbiji","status":"publish","type":"post","link":"https:\/\/progressivemagazin.rs\/online\/kompanija-vgp-najavila-pocetak-izgradnje-najveceg-logistickog-centra-u-srbiji\/","title":{"rendered":"KOMPANIJA VGP NAJAVILA PO\u010cETAK IZGRADNJE NAJVE\u0106EG LOGISTI\u010cKOG CENTRA U SRBIJI"},"content":{"rendered":"<div class=\"wp-block-image\">\n<figure class=\"aligncenter size-full\"><img decoding=\"async\" loading=\"lazy\" width=\"400\" height=\"340\" src=\"http:\/\/progressivemagazin.rs\/online\/wp-content\/uploads\/2023\/03\/14323-Jan-Van-Geet.jpg\" alt=\"\" class=\"wp-image-29827\" srcset=\"https:\/\/progressivemagazin.rs\/online\/wp-content\/uploads\/2023\/03\/14323-Jan-Van-Geet.jpg 400w, https:\/\/progressivemagazin.rs\/online\/wp-content\/uploads\/2023\/03\/14323-Jan-Van-Geet-300x255.jpg 300w\" sizes=\"(max-width: 400px) 100vw, 400px\" \/><\/figure><\/div>\n\n\n<p><\/p>\n\n\n\n<p><strong>14. III 2023 |<\/strong> VGP, panevropski vlasnik visokokvalitetnih logisti\u010dkih i poluindustrijskih nekretnina, odr\u017eao je danas sve\u010dani doga\u0111aj za VGP Park Beograd. Grupacija je najavila po\u010detak izgradnje svog prvog poslovnog parka u Srbiji, pored beogradskog me\u0111unarodnog aerodroma. Ovaj novi projekat je deo promocije ekonomskog i odr\u017eivog razvoja u zemljama u kojima Grupa posluje.<\/p>\n\n\n\n<p>Budu\u0107i VGP Park Beograd ima povr\u0161inu ve\u0107u od 1.140.000m<sup>2<\/sup> i nalazi\u0107e se u Dobanovcima, pored autoputa M-70 i M-75 i obilaznice Beograda, u neposrednoj blizini me\u0111unarodnog aerodroma u Beogradu, a samo 15 km zapadno od centra grada. Ukupna budu\u0107a iznajmljiva povr\u0161ina koja \u0107e iznositi pribli\u017eno 487.000 m<sup>2<\/sup> kvadratnih metara. Ovo \u0107e postati najve\u0107i logisti\u010dki centar u Srbiji.<\/p>\n\n\n\n<p>Nenad Bjelogrli\u0107, Direktor VGP za Srbija, sa zadovoljstvom je najavio prvog zakupca za ovaj novi park. Delhaize Serbia, srpska podru\u017enica Ahold Delhaizea, jedne od najve\u0107ih svetskih maloprodajnih grupacija hrane, zakupi\u0107e vi\u0161e od 41.000m<sup>2 <\/sup>za otvaranje svog drugog distributivnog centra u Srbiji.<\/p>\n\n\n\n<p>\u201cNa\u0161a kompanija ostaje dosledna strategiji \u0161irenja maloprodajne mre\u017ee i veoma smo zadovoljni \u0161to \u0107e na\u0161 drugi distributivni centar biti izgra\u0111en na tako va\u017enoj i odr\u017eivoj lokaciji. U narednih deset godina dodatno \u0107emo pro\u0161iriti na\u0161e prostorne kapacitete, zaposliti veliki broj novih kolega, a nastavi\u0107emo da ula\u017eemo u razvoj lokalnog tr\u017ei\u0161ta. Verujem u uspeh i \u017eelim timu VGP Srbije mnogo dugih godina rada\u201c, rekao je Jan-Villem Dockheer, generalni direktor Delhaize Serbia.<\/p>\n\n\n\n<p>Predsednik Srbije Aleksandar Vu\u010di\u0107 i generalni direktor VGP Jan Van Git ozna\u010dili su simboli\u010dno po\u010detak radova na izgradnji ovog logisti\u010dkog parka, polaganjem kapsule u budu\u0107i kamen temeljac.<\/p>\n\n\n\n<p>\u201cDo\u0161ao sam u \u010ce\u0161ku 1994. godine, kao 22-godi\u0161njak, da bih bio pionir na tom, u to vreme, novootvorenom tr\u017ei\u0161tu za nas. Od tada sam video ogromno ubrzanje i ekonomije i \u017eivotnog standarda naroda \u010ce\u0161ke, Slova\u010dke, Poljske i drugih zemalja koje su se pridru\u017eile EU 2004. godine. Na\u0161om investicijom \u017eelimo da doprinesemo putu ka integraciju Srbije u na\u0161u Evropsku uniju naroda, gde i pripada svojom dugom istorijom kao deo na\u0161e evropske porodice, istakao je Jan Van Geet, izvr\u0161ni direktor VGP-a.<\/p>\n\n\n\n<p>VGP grupa je izgra\u0111ena na integrisanom poslovnom modelu koji ima kapacitete i dugotrajno profesionalno iskustvo u celom lancu vrednosti, od kupovine zemlji\u0161ta do razvoja i upravljanja imovinom. Zahvaljuju\u0107i pa\u017eljivom i sofisticiranom procesu ulaganja u zemlji\u0161te, VGP pru\u017ea jedinstvene usluge klijentima koji tra\u017ee lokacije u blizini velikih evropskih gradova sa direktnim pristupom glavnim putevima, lakim pristupom i 24-\u010dasovnim radom. VGP-ovi logisti\u010dki i poluindustrijski parkovi nude visoke tehni\u010dke standarde i modularnost, sa posebnim fokusom na energetsku efikasnost i odr\u017eivost.<\/p>\n\n\n\n<p>VGP, kao deo svoje strategije za projekte odr\u017eivog razvoja, cilja na ekolo\u0161ku sertifikaciju svojih novih greenfield\/brownfield projekata izgradnje. Krovovi zgrada mogu biti opremljeni fotonaponskim instalacijama, nude\u0107i proizvodnju zelene energije na licu mesta.<\/p>\n\n\n\n<p>Tim posve\u0107enih stru\u010dnjaka za upravljanje imovinom i objektima osigurava da se objekti i imovina odr\u017eavaju po najvi\u0161im standardima, smanjuju\u0107i rizik, pobolj\u0161avaju\u0107i sigurnost i smanjuju\u0107i tro\u0161kove zahvaljuju\u0107i efikasnom procesu.<\/p>\n\n\n\n<p>VGP primenjuje principe lokalnog prisustva, po\u0161tovanja i brzog reagovanja. To zna\u010di da je kompanija dobro i temeljno upoznata sa tr\u017ei\u0161tima i karakteristikama regiona i da po\u0161tuje potrebe kako klijenata tako i lokalnih zajednica.<\/p>\n\n\n\n<p>Kroz rad VGP fondacije, kompanija podr\u017eava misiju o\u010duvanja prirode kao i uticaj na lokalne zajednice kroz dru\u0161tvene projekte i projekte koji imaju za cilj o\u010duvanje i za\u0161titu evropske kulturne ba\u0161tine.<\/p>\n","protected":false},"excerpt":{"rendered":"<p>14. III 2023 | VGP, panevropski vlasnik visokokvalitetnih logisti\u010dkih i poluindustrijskih nekretnina, odr\u017eao je danas sve\u010dani doga\u0111aj za VGP Park Beograd. Grupacija je najavila po\u010detak izgradnje svog prvog poslovnog parka u Srbiji, pored beogradskog me\u0111unarodnog aerodroma. Ovaj novi projekat je deo promocije ekonomskog i odr\u017eivog razvoja u zemljama u kojima Grupa posluje. Budu\u0107i VGP Park [&hellip;]<\/p>\n","protected":false},"author":1,"featured_media":0,"comment_status":"closed","ping_status":"open","sticky":false,"template":"","format":"standard","meta":{"pgc_sgb_lightbox_settings":""},"categories":[1],"tags":[],"_links":{"self":[{"href":"https:\/\/progressivemagazin.rs\/online\/wp-json\/wp\/v2\/posts\/29826"}],"collection":[{"href":"https:\/\/progressivemagazin.rs\/online\/wp-json\/wp\/v2\/posts"}],"about":[{"href":"https:\/\/progressivemagazin.rs\/online\/wp-json\/wp\/v2\/types\/post"}],"author":[{"embeddable":true,"href":"https:\/\/progressivemagazin.rs\/online\/wp-json\/wp\/v2\/users\/1"}],"replies":[{"embeddable":true,"href":"https:\/\/progressivemagazin.rs\/online\/wp-json\/wp\/v2\/comments?post=29826"}],"version-history":[{"count":1,"href":"https:\/\/progressivemagazin.rs\/online\/wp-json\/wp\/v2\/posts\/29826\/revisions"}],"predecessor-version":[{"id":29828,"href":"https:\/\/progressivemagazin.rs\/online\/wp-json\/wp\/v2\/posts\/29826\/revisions\/29828"}],"wp:attachment":[{"href":"https:\/\/progressivemagazin.rs\/online\/wp-json\/wp\/v2\/media?parent=29826"}],"wp:term":[{"taxonomy":"category","embeddable":true,"href":"https:\/\/progressivemagazin.rs\/online\/wp-json\/wp\/v2\/categories?post=29826"},{"taxonomy":"post_tag","embeddable":true,"href":"https:\/\/progressivemagazin.rs\/online\/wp-json\/wp\/v2\/tags?post=29826"}],"curies":[{"name":"wp","href":"https:\/\/api.w.org\/{rel}","templated":true}]}}