{"id":29819,"date":"2023-03-13T13:54:44","date_gmt":"2023-03-13T12:54:44","guid":{"rendered":"http:\/\/progressivemagazin.rs\/online\/?p=29819"},"modified":"2023-03-13T13:54:44","modified_gmt":"2023-03-13T12:54:44","slug":"super-rode-stigle-u-taras","status":"publish","type":"post","link":"https:\/\/progressivemagazin.rs\/online\/super-rode-stigle-u-taras\/","title":{"rendered":"SUPER RODE STIGLE U TARA\u0160"},"content":{"rendered":"<div class=\"wp-block-image\">\n<figure class=\"aligncenter size-full\"><img decoding=\"async\" loading=\"lazy\" width=\"400\" height=\"340\" src=\"http:\/\/progressivemagazin.rs\/online\/wp-content\/uploads\/2023\/03\/13323-PersuRode-6800.jpg\" alt=\"\" class=\"wp-image-29820\" srcset=\"https:\/\/progressivemagazin.rs\/online\/wp-content\/uploads\/2023\/03\/13323-PersuRode-6800.jpg 400w, https:\/\/progressivemagazin.rs\/online\/wp-content\/uploads\/2023\/03\/13323-PersuRode-6800-300x255.jpg 300w\" sizes=\"(max-width: 400px) 100vw, 400px\" \/><\/figure><\/div>\n\n\n<p><strong>13. III 2023 |<\/strong>\u00a0Pod pokroviteljstvom PerSu marketa, u subotu 11. marta, me\u0161tani Tara\u0161a do\u010dekali su svoje prve rode i tim povodom uprili\u010dili sve\u010dani program. Nakon Prvoja, u ovo banatsko selo poznatije kao Evropsko selo roda, stigli su Ivica i Marko.<\/p>\n\n\n\n<p>Ove godine, prisutni su u\u017eivali u radionicama za decu, obilasku gnezda, folklornom nastupu i nastupu dece, dodeli ordenja za plemenitost i na samom kraju, \u017eurci za decu uz osve\u017eenje i roda tortu.<\/p>\n\n\n\n<p>Kompanija PerSu marketi neguje porodi\u010dne vrednosti i promovi\u0161e ideju edukacije, stvarala\u0161tva i zdravog razvoja na\u0161e dece, te je podr\u0161ka ovoj manifestaciji pravi na\u010din da se ovi principi i potvrde. PerSu marketi \u0107e nastaviti da budu tu za porodicu, kom\u0161ije i najmla\u0111e, kako bismo zajedno kreirali najlep\u0161e uspomene.<\/p>\n\n\n\n<p>PerSu marketi vas pozivaju da u narednom periodu posetite Evropsko selo roda i upoznate se sa Prvojem i njegovim drugarima, navode u ovoj kompaniji.<\/p>\n","protected":false},"excerpt":{"rendered":"<p>13. III 2023 |\u00a0Pod pokroviteljstvom PerSu marketa, u subotu 11. marta, me\u0161tani Tara\u0161a do\u010dekali su svoje prve rode i tim povodom uprili\u010dili sve\u010dani program. Nakon Prvoja, u ovo banatsko selo poznatije kao Evropsko selo roda, stigli su Ivica i Marko. Ove godine, prisutni su u\u017eivali u radionicama za decu, obilasku gnezda, folklornom nastupu i nastupu [&hellip;]<\/p>\n","protected":false},"author":1,"featured_media":29820,"comment_status":"closed","ping_status":"open","sticky":false,"template":"","format":"standard","meta":{"pgc_sgb_lightbox_settings":""},"categories":[48,1],"tags":[],"_links":{"self":[{"href":"https:\/\/progressivemagazin.rs\/online\/wp-json\/wp\/v2\/posts\/29819"}],"collection":[{"href":"https:\/\/progressivemagazin.rs\/online\/wp-json\/wp\/v2\/posts"}],"about":[{"href":"https:\/\/progressivemagazin.rs\/online\/wp-json\/wp\/v2\/types\/post"}],"author":[{"embeddable":true,"href":"https:\/\/progressivemagazin.rs\/online\/wp-json\/wp\/v2\/users\/1"}],"replies":[{"embeddable":true,"href":"https:\/\/progressivemagazin.rs\/online\/wp-json\/wp\/v2\/comments?post=29819"}],"version-history":[{"count":1,"href":"https:\/\/progressivemagazin.rs\/online\/wp-json\/wp\/v2\/posts\/29819\/revisions"}],"predecessor-version":[{"id":29821,"href":"https:\/\/progressivemagazin.rs\/online\/wp-json\/wp\/v2\/posts\/29819\/revisions\/29821"}],"wp:featuredmedia":[{"embeddable":true,"href":"https:\/\/progressivemagazin.rs\/online\/wp-json\/wp\/v2\/media\/29820"}],"wp:attachment":[{"href":"https:\/\/progressivemagazin.rs\/online\/wp-json\/wp\/v2\/media?parent=29819"}],"wp:term":[{"taxonomy":"category","embeddable":true,"href":"https:\/\/progressivemagazin.rs\/online\/wp-json\/wp\/v2\/categories?post=29819"},{"taxonomy":"post_tag","embeddable":true,"href":"https:\/\/progressivemagazin.rs\/online\/wp-json\/wp\/v2\/tags?post=29819"}],"curies":[{"name":"wp","href":"https:\/\/api.w.org\/{rel}","templated":true}]}}