{"id":34107,"date":"2024-09-02T14:47:35","date_gmt":"2024-09-02T13:47:35","guid":{"rendered":"https:\/\/progressivemagazin.rs\/online\/?p=34107"},"modified":"2024-09-02T14:47:35","modified_gmt":"2024-09-02T13:47:35","slug":"plazma-paketici-za-64-000-daka-prvaka-sirom-srbije","status":"publish","type":"post","link":"http:\/\/progressivemagazin.rs\/online\/plazma-paketici-za-64-000-daka-prvaka-sirom-srbije\/","title":{"rendered":"PLAZMA PAKETI\u0106I ZA 64.000 \u0110AKA PRVAKA \u0160IROM SRBIJE"},"content":{"rendered":"<div class=\"wp-block-image\">\n<figure class=\"aligncenter size-full\"><img decoding=\"async\" loading=\"lazy\" width=\"650\" height=\"650\" src=\"http:\/\/progressivemagazin.rs\/online\/wp-content\/uploads\/2024\/09\/292024-bambi-1.jpg\" alt=\"\" class=\"wp-image-34110\" srcset=\"http:\/\/progressivemagazin.rs\/online\/wp-content\/uploads\/2024\/09\/292024-bambi-1.jpg 650w, http:\/\/progressivemagazin.rs\/online\/wp-content\/uploads\/2024\/09\/292024-bambi-1-300x300.jpg 300w, http:\/\/progressivemagazin.rs\/online\/wp-content\/uploads\/2024\/09\/292024-bambi-1-150x150.jpg 150w\" sizes=\"(max-width: 650px) 100vw, 650px\" \/><figcaption class=\"wp-element-caption\"><sub>Foto: Marko Petrovi\u0107<\/sub><\/figcaption><\/figure><\/div>\n\n\n<p><\/p>\n\n\n\n<p><strong>2. IX 2024 | <\/strong>Ministarstvo prosvete, nauke i tehnolo\u0161kog razvoja Republike Srbije i kompanija Bambi nastavljaju uspe\u0161no partnerstvo, obele\u017eavaju\u0107i jo\u0161 jednu zna\u010dajnu godinu za \u0111ake prvake. \u010cak 64.000 mali\u0161ana \u0161irom Srbije ove godine do\u010deka\u0107e Plazma paketi\u0107i u klupama. Na ovaj na\u010din \u0107e, zahvaljuju\u0107i sada ve\u0107 tradicionalnoj inicijativi, prvi \u0161kolski dani postati mnogo sla\u0111i uz Plazmu.<\/p>\n\n\n\n<p>Polazak u \u0161kolu predstavlja poseban trenutak pun uzbu\u0111enja kako za decu, tako i za njihove roditelje, pa je kompanija Bambi pripremila poklon pakete za sve prvake kako bi im dodatno ulep\u0161ala po\u010detak ove avanture. Plazma paket sadr\u017ei brendiranu torbu, sveske, raspored \u010dasova, kao i Plazmu Mini Mini od 200g koja \u0107e po\u010detak \u0161kole u\u010diniti jo\u0161 zanimljivijim i nasmejanim.<\/p>\n\n\n\n<p>Ministarka prosvete, nauke i tehnolo\u0161kog razvoja Slavica \u0110uki\u0107 Dejanovi\u0107, istakla je svoju zahvalnost kompaniji Bambi za kontinuiranu posve\u0107enost i organizaciju ove zna\u010dajne akcije.<\/p>\n\n\n\n<p>&#8222;Podr\u0161ka koju kompanija Bambi pru\u017ea deci, roditeljima, ali i samim \u0161kolama u va\u017enim trenucima, poput po\u010detka \u0161kolovanja, postala je deo na\u0161e zajedni\u010dke tradicije. Drago nam je \u0161to je kompanija prepoznala va\u017enost stvaranja lepih uspomena tokom ovog dana. Zahvaljuju\u0107i njima, svi mali\u0161ani na teritoriji Republike Srbije koji zapo\u010dinju \u0161kolu 2. septembra dobi\u0107e poseban poklon koji \u0107e im ulep\u0161ati po\u010detak obrazovnog putovanja&#8220;, izjavila je \u0110uki\u0107 Dejanovi\u0107.<\/p>\n\n\n\n<p>Direktorka za razvoj poslovanja kompanije Bambi u Coca-Cola Hellenic grupi, Milica \u0160etka, naglasila je da, i pored izazova sa kojima se kompanija suo\u010dava kada je re\u010d o obnovi o\u0161te\u0107enih proizvodnih linija nakon po\u017eara u fabrici u Po\u017earevcu, podr\u0161ka najmla\u0111ima ostaje prioritet, posebno kada se radi o va\u017enim \u017eivotnim momentima, poput polaska u \u0161kolu.<\/p>\n\n\n\n<p>&#8222;Za nas u Bambiju prvi dan \u0161kole je uvek poseban, jer ozna\u010dava po\u010detak va\u017enog poglavlja za novu generaciju dece. Kako bi im to \u017eivotno putovanje po\u010delo na \u0161to lep\u0161i na\u010din, na\u0161a kompanija je odlu\u010dila da drugu godinu zaredom pripremi poklon paketi\u0107e za u\u010denike prvih razreda osnovnih \u0161kola \u0161irom Srbije. \u017delimo da ovi paketi simbolizuju na\u0161u podr\u0161ku i vetar u le\u0111a \u0111acima prvacima tokom ovog, njima, va\u017enog dana. Na\u0161 cilj je da ova akcija postane dugogodi\u0161nja tradicija, kroz koju \u0107emo i dalje aktivno pratiti i podr\u017eavati decu na njihovom putu odrastanja&#8220;, dodala je \u0160etka.<\/p>\n\n\n\n<p>Bambi je obele\u017eio odrastanje mnogih generacija i gotovo \u0161est decenija predstavlja zna\u010dajan deo porodi\u010dne tradicije, pa su upravo zato akcije poput ove va\u017ean deo poslovanja kompanije.<\/p>\n","protected":false},"excerpt":{"rendered":"<p>2. IX 2024 | Ministarstvo prosvete, nauke i tehnolo\u0161kog razvoja Republike Srbije i kompanija Bambi nastavljaju uspe\u0161no partnerstvo, obele\u017eavaju\u0107i jo\u0161 jednu zna\u010dajnu godinu za \u0111ake prvake. \u010cak 64.000 mali\u0161ana \u0161irom Srbije ove godine do\u010deka\u0107e Plazma paketi\u0107i u klupama. Na ovaj na\u010din \u0107e, zahvaljuju\u0107i sada ve\u0107 tradicionalnoj inicijativi, prvi \u0161kolski dani postati mnogo sla\u0111i uz Plazmu. [&hellip;]<\/p>\n","protected":false},"author":1,"featured_media":34110,"comment_status":"closed","ping_status":"open","sticky":false,"template":"","format":"standard","meta":{"pgc_sgb_lightbox_settings":""},"categories":[48],"tags":[],"_links":{"self":[{"href":"http:\/\/progressivemagazin.rs\/online\/wp-json\/wp\/v2\/posts\/34107"}],"collection":[{"href":"http:\/\/progressivemagazin.rs\/online\/wp-json\/wp\/v2\/posts"}],"about":[{"href":"http:\/\/progressivemagazin.rs\/online\/wp-json\/wp\/v2\/types\/post"}],"author":[{"embeddable":true,"href":"http:\/\/progressivemagazin.rs\/online\/wp-json\/wp\/v2\/users\/1"}],"replies":[{"embeddable":true,"href":"http:\/\/progressivemagazin.rs\/online\/wp-json\/wp\/v2\/comments?post=34107"}],"version-history":[{"count":1,"href":"http:\/\/progressivemagazin.rs\/online\/wp-json\/wp\/v2\/posts\/34107\/revisions"}],"predecessor-version":[{"id":34111,"href":"http:\/\/progressivemagazin.rs\/online\/wp-json\/wp\/v2\/posts\/34107\/revisions\/34111"}],"wp:featuredmedia":[{"embeddable":true,"href":"http:\/\/progressivemagazin.rs\/online\/wp-json\/wp\/v2\/media\/34110"}],"wp:attachment":[{"href":"http:\/\/progressivemagazin.rs\/online\/wp-json\/wp\/v2\/media?parent=34107"}],"wp:term":[{"taxonomy":"category","embeddable":true,"href":"http:\/\/progressivemagazin.rs\/online\/wp-json\/wp\/v2\/categories?post=34107"},{"taxonomy":"post_tag","embeddable":true,"href":"http:\/\/progressivemagazin.rs\/online\/wp-json\/wp\/v2\/tags?post=34107"}],"curies":[{"name":"wp","href":"https:\/\/api.w.org\/{rel}","templated":true}]}}