{"id":34106,"date":"2024-09-02T14:45:56","date_gmt":"2024-09-02T13:45:56","guid":{"rendered":"https:\/\/progressivemagazin.rs\/online\/?p=34106"},"modified":"2024-09-02T14:45:56","modified_gmt":"2024-09-02T13:45:56","slug":"za-sve-koji-uce-prva-slova-podeljeno-15-000-paketa-za-208-skola","status":"publish","type":"post","link":"http:\/\/progressivemagazin.rs\/online\/za-sve-koji-uce-prva-slova-podeljeno-15-000-paketa-za-208-skola\/","title":{"rendered":"ZA SVE KOJI U\u010cE PRVA SLOVA: PODELJENO 15.000 PAKETA ZA 208 \u0160KOLA"},"content":{"rendered":"<div class=\"wp-block-image\">\n<figure class=\"aligncenter size-full\"><img decoding=\"async\" loading=\"lazy\" width=\"650\" height=\"366\" src=\"http:\/\/progressivemagazin.rs\/online\/wp-content\/uploads\/2024\/09\/2924-univer-djaci-prvaci.jpg\" alt=\"\" class=\"wp-image-34108\" srcset=\"http:\/\/progressivemagazin.rs\/online\/wp-content\/uploads\/2024\/09\/2924-univer-djaci-prvaci.jpg 650w, http:\/\/progressivemagazin.rs\/online\/wp-content\/uploads\/2024\/09\/2924-univer-djaci-prvaci-300x169.jpg 300w\" sizes=\"(max-width: 650px) 100vw, 650px\" \/><\/figure><\/div>\n\n\n<p><\/p>\n\n\n\n<p><strong>2. IX 2024 |\u00a0<\/strong>Fondacija Univerexport u saradnji sa Ministarstvom prosvete i poslovnim partnerima, ve\u0107 devetu godinu zaredom ponosno pru\u017ea podr\u0161ku malim u\u010denicima na po\u010detku najlep\u0161eg &#8211; \u0111a\u010dkog doba.<\/p>\n\n\n\n<p>Ove godine sa posebnim zadovoljstvom, Fondacija Univerexport poklonila je najvi\u0161e paketi\u0107a do sada &#8211; u 208 \u0161kola \u0161irom Srbije podeljeno je 15.000 paketi\u0107a najmla\u0111im \u0111acima.<\/p>\n\n\n\n<p>\u0110aci prvaci iz Novog Sada, Vrbasa, Kule, Beo\u010dina, Vrdnika, Subotice, Vr\u0161ca, Kikinde, dela Beograda, Lazarevca, Mladenovca, Kru\u0161evca, U\u017eica, \u0106uprije, Jagodine, Para\u0107ina i Ba\u010dke Palanke, na poklon su dobili torbu za fizi\u010dko, \u0161kolski pribor, slatki\u0161e i slani\u0161e, soki\u0107e, odnosno ono \u0161to je mali\u0161anima najpotrebnije i \u0161to najvi\u0161e vole.<\/p>\n\n\n\n<p>Na sve\u010danom prijemu \u0111aka prvaka i njihovom prvom susretu sa \u0161kolskim klupama, na istima je bio i poklon paket Fondacije Univerexport, a simboli\u010dna sve\u010dana podela poklon paketa uprili\u010dena je u O\u0160 \u2018Ivan Gunduli\u0107\u2019 u Novom Sadu.<\/p>\n\n\n\n<p>Tokom sve\u010danog prijema, \u0111ake su pozdravili direktor \u0161kole Lidija Radulovi\u0107, direktor Fondacije Univerexport Olivera \u0106irkovi\u0107 i \u010dlan Gradskog ve\u0107a za obrazovanje Petar \u0110ur\u0111ev, po\u017eelev\u0161i mali\u0161anima sre\u0107an po\u010detak drugarstva i puno uspeha.<\/p>\n\n\n\n<p>Fondacija Univerexport je osnovana 2017. godine od strane kompanije Univerexport I od svog osnivanja pokre\u0107e i realizuje projekte od lokalnog i \u0161ireg nacionalnog zna\u010daja. Sa misijom da podr\u017ei obrazovanje i sport na\u0161ih najmla\u0111ih, ova inicijativa je odraz duboke posve\u0107enosti pozitivnim promenama u dru\u0161tvu.<\/p>\n","protected":false},"excerpt":{"rendered":"<p>2. IX 2024 |\u00a0Fondacija Univerexport u saradnji sa Ministarstvom prosvete i poslovnim partnerima, ve\u0107 devetu godinu zaredom ponosno pru\u017ea podr\u0161ku malim u\u010denicima na po\u010detku najlep\u0161eg &#8211; \u0111a\u010dkog doba. Ove godine sa posebnim zadovoljstvom, Fondacija Univerexport poklonila je najvi\u0161e paketi\u0107a do sada &#8211; u 208 \u0161kola \u0161irom Srbije podeljeno je 15.000 paketi\u0107a najmla\u0111im \u0111acima. \u0110aci prvaci [&hellip;]<\/p>\n","protected":false},"author":1,"featured_media":34108,"comment_status":"closed","ping_status":"open","sticky":false,"template":"","format":"standard","meta":{"pgc_sgb_lightbox_settings":""},"categories":[48,1],"tags":[],"_links":{"self":[{"href":"http:\/\/progressivemagazin.rs\/online\/wp-json\/wp\/v2\/posts\/34106"}],"collection":[{"href":"http:\/\/progressivemagazin.rs\/online\/wp-json\/wp\/v2\/posts"}],"about":[{"href":"http:\/\/progressivemagazin.rs\/online\/wp-json\/wp\/v2\/types\/post"}],"author":[{"embeddable":true,"href":"http:\/\/progressivemagazin.rs\/online\/wp-json\/wp\/v2\/users\/1"}],"replies":[{"embeddable":true,"href":"http:\/\/progressivemagazin.rs\/online\/wp-json\/wp\/v2\/comments?post=34106"}],"version-history":[{"count":1,"href":"http:\/\/progressivemagazin.rs\/online\/wp-json\/wp\/v2\/posts\/34106\/revisions"}],"predecessor-version":[{"id":34109,"href":"http:\/\/progressivemagazin.rs\/online\/wp-json\/wp\/v2\/posts\/34106\/revisions\/34109"}],"wp:featuredmedia":[{"embeddable":true,"href":"http:\/\/progressivemagazin.rs\/online\/wp-json\/wp\/v2\/media\/34108"}],"wp:attachment":[{"href":"http:\/\/progressivemagazin.rs\/online\/wp-json\/wp\/v2\/media?parent=34106"}],"wp:term":[{"taxonomy":"category","embeddable":true,"href":"http:\/\/progressivemagazin.rs\/online\/wp-json\/wp\/v2\/categories?post=34106"},{"taxonomy":"post_tag","embeddable":true,"href":"http:\/\/progressivemagazin.rs\/online\/wp-json\/wp\/v2\/tags?post=34106"}],"curies":[{"name":"wp","href":"https:\/\/api.w.org\/{rel}","templated":true}]}}