{"id":34103,"date":"2024-09-02T14:36:09","date_gmt":"2024-09-02T13:36:09","guid":{"rendered":"https:\/\/progressivemagazin.rs\/online\/?p=34103"},"modified":"2024-09-02T14:36:09","modified_gmt":"2024-09-02T13:36:09","slug":"panel-o-rodnoj-ravnopravnosti","status":"publish","type":"post","link":"http:\/\/progressivemagazin.rs\/online\/panel-o-rodnoj-ravnopravnosti\/","title":{"rendered":"PANEL O RODNOJ RAVNOPRAVNOSTI"},"content":{"rendered":"<div class=\"wp-block-image\">\n<figure class=\"aligncenter size-full\"><img decoding=\"async\" loading=\"lazy\" width=\"650\" height=\"433\" src=\"http:\/\/progressivemagazin.rs\/online\/wp-content\/uploads\/2024\/09\/292024-nis.jpg\" alt=\"\" class=\"wp-image-34104\" srcset=\"http:\/\/progressivemagazin.rs\/online\/wp-content\/uploads\/2024\/09\/292024-nis.jpg 650w, http:\/\/progressivemagazin.rs\/online\/wp-content\/uploads\/2024\/09\/292024-nis-300x200.jpg 300w\" sizes=\"(max-width: 650px) 100vw, 650px\" \/><\/figure><\/div>\n\n\n<p><\/p>\n\n\n\n<p><strong>2. IX 2024 | <\/strong>Zna\u010daj rodne ravnopravnosti, polo\u017eaj i uticaj \u017eena na dru\u0161tveni i javni \u017eivot u Srbiji, kao i izazovi sa kojima se suo\u010davaju \u017eene na profesionalnom planu, bili su tema panel diskusije &#8216;Rodna ravnopravnost \u2013 \u017eene kao motor razvoja dru\u0161tva&#8217; koju je organizovao list &#8216;Dnevnik&#8217; u Kulturnoj stanici &#8216;Svilara&#8217; u Novom Sadu.<\/p>\n\n\n\n<p>Na panelu su u\u010destvovali Maja Gojkovi\u0107, predsednica Pokrajinske vlade, Dina Vu\u010dini\u0107,&nbsp; predsednica Skup\u0161tine grada Novog Sada i Vadim Smirnov, zamenik generalnog direktora NIS-a. Uvodni\u010dar na panelu bila je Tatjana Priji\u0107, zamenica poverenice za za\u0161titu ravnopravnosti.<\/p>\n\n\n\n<p>Predsednica Pokrajinske vlade Maja Gojkovi\u0107 istakla je da je oblast rodne ravnopravnosti postavljena kao prioritet Vlade Srbije i Pokrajinske vlade, te da \u0107e kroz delovanje Koordinacionog tela za ravnopravnost polova ta oblast biti dodatno unapre\u0111ena:<\/p>\n\n\n\n<p>&#8222;Dr\u017eava Srbija jasno je iskazala posve\u0107enost promovisanju rodne ravnopravnosti i prevazila\u017eenju rodnih podela i diskriminacije. Polo\u017eaj \u017eena u na\u0161em dru\u0161tvu ide uzlaznom putanjom. Imam, pri tome, u vidu i li\u010dni primer, s obzirom da sam bila prva gradona\u010delnica Novog Sada u njegovoj istoriji, i to izabrana neposredno, voljom gra\u0111ana, a da sam sada prva predsednica Pokrajinske vlade, tako\u0111e u njenoj istoriji. Zagovornik sam da se politikom bave \u017eene&#8220;, izjavila je Maja Gojkovi\u0107.<\/p>\n\n\n\n<p>Predsednica Skup\u0161tine grada Novog Sada Dina Vu\u010dini\u0107 istakla je ulogu \u017eena u dru\u0161tvu, posebno u politici i privredi:<\/p>\n\n\n\n<p>&#8222;Ravnopravnost \u017eena se ne ogleda samo u funkcijama. Posve\u0107enost unapre\u0111enju polo\u017eaja \u017eena u poslednjih 10 godina jo\u0161 jasnije se vidi kroz podr\u0161ku \u017eenskom preduzetni\u0161tvu. Kroz razli\u010dite programe, Grad Novi Sad je od 2012, u tri mandata Milo\u0161a Vu\u010devi\u0107a i tokom dvogodi\u0161njeg mandata Milana \u0110uri\u0107a, za podr\u0161ku \u017eenskom preduzetni\u0161tvu izdvojio 170 miliona dinara, odnosno 1,6 miliona evra. Putem dodele subvencija za samozapo\u0161ljavanje \u017eena u cilju po\u0161tovanja principa rodne osetljivosti, samozaposlilo se 439 \u017eena, a Grad je izdvojio 105 miliona dinara&#8220;, navela je Vu\u010dini\u0107.<\/p>\n\n\n\n<p>Zamenik generalnog direktora kompanije NIS-a&nbsp; Vadim Smirnov izjavio je ovom prilikom da je pitanje sposobnosti klju\u010dno kada govorimo o liderstvu u poslovnim sistemima:<\/p>\n\n\n\n<p>&#8222;Energetski sektor se tradicionalno do\u017eivljava kao mu\u0161ki. Me\u0111utim, stvari se menjaju, i to najbolje pokazuju primeri. Ranije je geolog vi\u0161e bilo mu\u0161ko zanimanje jer je bio terenski posao, a danas imamo visok procenat geologa-\u017eena. Kada govorimo o liderstvu u poslovnim sistemima, to pitanje je isklju\u010divo pitanje sposobnosti, s tim da je va\u017eno obezbediti pravo \u017eeni da poka\u017ee sposobnost. Na tome treba jo\u0161 raditi. Jedno od re\u0161enja mo\u017ee da bude i promocija primera dobre prakse koji svakako postoje&#8220;, naveo je Smirnov.<\/p>\n","protected":false},"excerpt":{"rendered":"<p>2. IX 2024 | Zna\u010daj rodne ravnopravnosti, polo\u017eaj i uticaj \u017eena na dru\u0161tveni i javni \u017eivot u Srbiji, kao i izazovi sa kojima se suo\u010davaju \u017eene na profesionalnom planu, bili su tema panel diskusije &#8216;Rodna ravnopravnost \u2013 \u017eene kao motor razvoja dru\u0161tva&#8217; koju je organizovao list &#8216;Dnevnik&#8217; u Kulturnoj stanici &#8216;Svilara&#8217; u Novom Sadu. Na [&hellip;]<\/p>\n","protected":false},"author":1,"featured_media":34104,"comment_status":"closed","ping_status":"open","sticky":false,"template":"","format":"standard","meta":{"pgc_sgb_lightbox_settings":""},"categories":[48],"tags":[],"_links":{"self":[{"href":"http:\/\/progressivemagazin.rs\/online\/wp-json\/wp\/v2\/posts\/34103"}],"collection":[{"href":"http:\/\/progressivemagazin.rs\/online\/wp-json\/wp\/v2\/posts"}],"about":[{"href":"http:\/\/progressivemagazin.rs\/online\/wp-json\/wp\/v2\/types\/post"}],"author":[{"embeddable":true,"href":"http:\/\/progressivemagazin.rs\/online\/wp-json\/wp\/v2\/users\/1"}],"replies":[{"embeddable":true,"href":"http:\/\/progressivemagazin.rs\/online\/wp-json\/wp\/v2\/comments?post=34103"}],"version-history":[{"count":1,"href":"http:\/\/progressivemagazin.rs\/online\/wp-json\/wp\/v2\/posts\/34103\/revisions"}],"predecessor-version":[{"id":34105,"href":"http:\/\/progressivemagazin.rs\/online\/wp-json\/wp\/v2\/posts\/34103\/revisions\/34105"}],"wp:featuredmedia":[{"embeddable":true,"href":"http:\/\/progressivemagazin.rs\/online\/wp-json\/wp\/v2\/media\/34104"}],"wp:attachment":[{"href":"http:\/\/progressivemagazin.rs\/online\/wp-json\/wp\/v2\/media?parent=34103"}],"wp:term":[{"taxonomy":"category","embeddable":true,"href":"http:\/\/progressivemagazin.rs\/online\/wp-json\/wp\/v2\/categories?post=34103"},{"taxonomy":"post_tag","embeddable":true,"href":"http:\/\/progressivemagazin.rs\/online\/wp-json\/wp\/v2\/tags?post=34103"}],"curies":[{"name":"wp","href":"https:\/\/api.w.org\/{rel}","templated":true}]}}