{"id":34096,"date":"2024-09-02T14:17:23","date_gmt":"2024-09-02T13:17:23","guid":{"rendered":"https:\/\/progressivemagazin.rs\/online\/?p=34096"},"modified":"2024-09-02T14:18:12","modified_gmt":"2024-09-02T13:18:12","slug":"mercator-s-u-okviru-kampanje-nema-cenu-donirao-milion-i-po-dinara","status":"publish","type":"post","link":"http:\/\/progressivemagazin.rs\/online\/mercator-s-u-okviru-kampanje-nema-cenu-donirao-milion-i-po-dinara\/","title":{"rendered":"MERCATOR-S U OKVIRU KAMPANJE &#8216;NEMA CENU&#8217; DONIRAO MILION I PO DINARA"},"content":{"rendered":"<div class=\"wp-block-image\">\n<figure class=\"aligncenter size-full\"><img decoding=\"async\" loading=\"lazy\" width=\"650\" height=\"432\" src=\"https:\/\/progressivemagazin.rs\/online\/wp-content\/uploads\/2024\/09\/02.09.2024-NEMA-CENU-1.jpg\" alt=\"\" class=\"wp-image-34097\" srcset=\"http:\/\/progressivemagazin.rs\/online\/wp-content\/uploads\/2024\/09\/02.09.2024-NEMA-CENU-1.jpg 650w, http:\/\/progressivemagazin.rs\/online\/wp-content\/uploads\/2024\/09\/02.09.2024-NEMA-CENU-1-300x199.jpg 300w\" sizes=\"(max-width: 650px) 100vw, 650px\" \/><\/figure><\/div>\n\n\n<p><\/p>\n\n\n\n<p><strong>02. IX 2024. | <\/strong>Na sve\u010danosti odr\u017eanoj povodom zavr\u0161etka druge faze kampanje &#8216;Nema cenu&#8217;, kompanija Mercator-S je uru\u010dila donaciju Udru\u017eenju pacijenata obolelih od melanoma. U partnerstvu sa Ministarstvom zdravlja Republike Srbije i brendom Nivea Sun, donacija je prikupljena prodajom jabuka u odabranim Idea, Roda i Mercator prodavnicama \u0161irom Srbije, a celokupan prihod usmeren je na podr\u0161ku obolelima. U okviru dva talasa kampanje &#8216;Nema cenu&#8217; Mercator-S donirao je do sada milion i po dinara osobama koje se bore sa najte\u017eim bolestima.<\/p>\n\n\n\n<p>&#8222;Na\u0161a kampanja je imala izuzetan uspeh u podizanju svesti o va\u017enim temama koje se odnose na zdravlje, ali i ostvarila konkretne rezultate zahvaljuju\u0107i partnerstvu koje godinama negujemo sa dobavlja\u010dima, kupcima, zajednicom i na\u0161im zaposlenima, \u0161to je za nas jako va\u017eno. U dva talasa ovog projekta, uspe\u0161no smo prikupili milion i po dinara donacija za borbu protiv malignih bolesti raka dojke i melanoma. Mercator-S se zala\u017ee za o\u010duvanje zdravlja zajednice i ponosni smo \u0161to mo\u017eemo da podr\u017eimo one kojima je pomo\u0107 najpotrebnija&#8220;, izjavila je Nata\u0161a Pavlovi\u0107, direktorka marketinga kompanije Mercator-S.<\/p>\n\n\n\n<p>Dr Mirsad \u0110erlek, dr\u017eavni sekretar u Ministarstvu zdravlja je izrazio zahvalnost \u0161to je donacija uru\u010dena Udru\u017eenju pacijenata obolelih od melanoma i dodao: &#8222;Ministarstvo zdravlja ula\u017ee izuzetan napor i ogromna materijalna sredstva kako bismo zna\u010dajno unapredili polo\u017eaj pacijenata obolelih od retkih i te\u0161kih bolesti, a doprinos dru\u0161tveno odgovornih kompanija je uvek dobrodo\u0161ao. \u017delim da pohvalim dru\u0161tveno odgovorne kompanije kao \u0161to je Mercator-S, \u010dije sam aktivnosti pratio u 2023. i 2024. i zahvalan sam za ono \u0161to je ova kompanija uradila, za sakupljen novac koji je doniran gra\u0111anima koji se bore sa razli\u010ditim oblicima malignih bolesti. Posebno nam je va\u017eno \u0161to je Mercator-S,&nbsp; kao kompanija, investirao u podizanje svesti na polju prevencije kod na\u0161ih gra\u0111ana, jer je to jako va\u017eno u le\u010denju pacijenata i pozivam ostale kompanije da slede ovakav primer&#8220;.<\/p>\n\n\n\n<figure class=\"wp-block-embed is-type-video is-provider-youtube wp-block-embed-youtube wp-embed-aspect-16-9 wp-has-aspect-ratio\"><div class=\"wp-block-embed__wrapper\">\n<iframe loading=\"lazy\" title=\"NEMA CENU Mercator S\" width=\"650\" height=\"366\" src=\"https:\/\/www.youtube.com\/embed\/1GaE_rXFqzE?feature=oembed\" frameborder=\"0\" allow=\"accelerometer; autoplay; clipboard-write; encrypted-media; gyroscope; picture-in-picture; web-share\" referrerpolicy=\"strict-origin-when-cross-origin\" allowfullscreen><\/iframe>\n<\/div><\/figure>\n\n\n\n<p>Kao \u0161to je istaknuto tokom dana\u0161njeg doga\u0111aja, svi u\u010desnici su pokazali duboku posve\u0107enost o\u010duvanju zdravlja kroz preventivne aktivnosti i edukaciju. Ovakve donacije predstavljaju jo\u0161 jedan korak ka podr\u0161ci pacijentima obolelim od te\u0161kih bolesti i podizanju svesti o zna\u010daju redovnih pregleda.<\/p>\n\n\n\n<p>Savo Pilipovi\u0107, predsednik Udru\u017eenja pacijenata obolelih od melanoma, istakao je zna\u010daj kampanje: &#8222;Ova donacija koja nam izuzetno zna\u010di jer dokaz da zajedno mo\u017eemo napraviti razliku. Svaka podr\u0161ka nam je dragocena u borbi protiv melanoma, posebno \u0161to s ovom bole\u0161\u0107u mogu da se susretnu svi, bez obzira na godine i pol. Zahvalni smo kompaniji Mercator-S jer smo kampanjom &#8216;Nije svaka ta\u010dka kraj&#8217; dobili najve\u0107u pokrivenost ikada kada je u pitanju edukacija ljudi o ovoj bolesti i kvalitet u na\u010dinu obra\u0107anja gra\u0111anima&#8220;.<\/p>\n\n\n\n<p>Vladimir Vidojevi\u0107, menad\u017eer za marketing na mestu prodaje u kompaniji Nivea, koja je partner u ovom talasu projekta, je ukazao na zna\u010daj prevencije, za\u0161tite i edukacije. &#8222;Inspiracija da zajedno&nbsp; uradimo vi\u0161e je ne\u0161to \u0161to prenosimo u godinu ispred nas i nastavi\u0107emo da budemo inovativni&nbsp; kada je u pitanju prevencija i edukacija pojedinaca&#8220;.<\/p>\n\n\n\n<p>Mercator-S \u0107e nastaviti sa inicijativama i projektima koji su usmereni na brigu o dobavlja\u010dima, kupcima, svojim&nbsp; zaposlenima, \u017eivotnoj sredini, kao i celokupnoj zajednici.<\/p>\n","protected":false},"excerpt":{"rendered":"<p>02. IX 2024. | Na sve\u010danosti odr\u017eanoj povodom zavr\u0161etka druge faze kampanje &#8216;Nema cenu&#8217;, kompanija Mercator-S je uru\u010dila donaciju Udru\u017eenju pacijenata obolelih od melanoma. U partnerstvu sa Ministarstvom zdravlja Republike Srbije i brendom Nivea Sun, donacija je prikupljena prodajom jabuka u odabranim Idea, Roda i Mercator prodavnicama \u0161irom Srbije, a celokupan prihod usmeren je na [&hellip;]<\/p>\n","protected":false},"author":1,"featured_media":34097,"comment_status":"closed","ping_status":"open","sticky":false,"template":"","format":"standard","meta":{"pgc_sgb_lightbox_settings":""},"categories":[48],"tags":[1130,1131],"_links":{"self":[{"href":"http:\/\/progressivemagazin.rs\/online\/wp-json\/wp\/v2\/posts\/34096"}],"collection":[{"href":"http:\/\/progressivemagazin.rs\/online\/wp-json\/wp\/v2\/posts"}],"about":[{"href":"http:\/\/progressivemagazin.rs\/online\/wp-json\/wp\/v2\/types\/post"}],"author":[{"embeddable":true,"href":"http:\/\/progressivemagazin.rs\/online\/wp-json\/wp\/v2\/users\/1"}],"replies":[{"embeddable":true,"href":"http:\/\/progressivemagazin.rs\/online\/wp-json\/wp\/v2\/comments?post=34096"}],"version-history":[{"count":2,"href":"http:\/\/progressivemagazin.rs\/online\/wp-json\/wp\/v2\/posts\/34096\/revisions"}],"predecessor-version":[{"id":34100,"href":"http:\/\/progressivemagazin.rs\/online\/wp-json\/wp\/v2\/posts\/34096\/revisions\/34100"}],"wp:featuredmedia":[{"embeddable":true,"href":"http:\/\/progressivemagazin.rs\/online\/wp-json\/wp\/v2\/media\/34097"}],"wp:attachment":[{"href":"http:\/\/progressivemagazin.rs\/online\/wp-json\/wp\/v2\/media?parent=34096"}],"wp:term":[{"taxonomy":"category","embeddable":true,"href":"http:\/\/progressivemagazin.rs\/online\/wp-json\/wp\/v2\/categories?post=34096"},{"taxonomy":"post_tag","embeddable":true,"href":"http:\/\/progressivemagazin.rs\/online\/wp-json\/wp\/v2\/tags?post=34096"}],"curies":[{"name":"wp","href":"https:\/\/api.w.org\/{rel}","templated":true}]}}