{"id":34093,"date":"2024-09-02T14:00:36","date_gmt":"2024-09-02T13:00:36","guid":{"rendered":"https:\/\/progressivemagazin.rs\/online\/?p=34093"},"modified":"2024-09-02T14:00:36","modified_gmt":"2024-09-02T13:00:36","slug":"lidl-zavrsio-ovogodisnji-ciklus-kampanje-hoces-da-menjamo-mesta-pomeri-se-s-mesta","status":"publish","type":"post","link":"http:\/\/progressivemagazin.rs\/online\/lidl-zavrsio-ovogodisnji-ciklus-kampanje-hoces-da-menjamo-mesta-pomeri-se-s-mesta\/","title":{"rendered":"LIDL ZAVR\u0160IO OVOGODI\u0160NJI CIKLUS KAMPANJE &#8216;HO\u0106E\u0160 DA MENJAMO MESTA? POMERI SE S MESTA&#8217;"},"content":{"rendered":"<div class=\"wp-block-image\">\n<figure class=\"aligncenter size-full\"><img decoding=\"async\" loading=\"lazy\" width=\"650\" height=\"433\" src=\"http:\/\/progressivemagazin.rs\/online\/wp-content\/uploads\/2024\/09\/292024-Lidl.jpg\" alt=\"\" class=\"wp-image-34094\" srcset=\"http:\/\/progressivemagazin.rs\/online\/wp-content\/uploads\/2024\/09\/292024-Lidl.jpg 650w, http:\/\/progressivemagazin.rs\/online\/wp-content\/uploads\/2024\/09\/292024-Lidl-300x200.jpg 300w\" sizes=\"(max-width: 650px) 100vw, 650px\" \/><figcaption class=\"wp-element-caption\"><sub>Foto: \u00a0Nikola Ve\u010danski<\/sub><\/figcaption><\/figure><\/div>\n\n\n<p><\/p>\n\n\n\n<p><strong>2. IX 2024 | <\/strong>Kompanija Lidl Srbija je, tre\u0107u godinu zaredom, kroz brojne inicijative, nastavila rad na ve\u0107 prepoznatom projektu &#8216;Ho\u0107e\u0161 da menjamo mesta? Pomeri se s mesta&#8217;, koji je nastao u saradnji sa Nacionalnom organizacijom osoba sa invaliditetom Srbije \u2013 NOOIS. I ove godine, Lidl je kroz projekat edukovao javnost o pravima i potrebama osoba sa invaliditetom i skretao dodatnu pa\u017enju voza\u010dima koji se nepropisno parkiraju. Ovogodi\u0161nja kampanja zavr\u0161ava se dodatnim obele\u017eavanjem svih Lidlovih parking mesta za osobe sa invaliditetom tablama sa klju\u010dnim porukama koje informi\u0161u voza\u010de o zna\u010daju ove teme i posledicama nepropisnog parkiranja.<\/p>\n\n\n\n<p>Kroz kampanju &#8216;Ho\u0107e\u0161 da menjamo mesta? Pomeri se s mesta&#8217;, kompanija Lidl nastoji da intenzivnom komunikacijom uka\u017ee na prava i potrebe osoba sa invaliditetom. Kako bi problem nesavesnog parkiranja postao vidljiviji i kako bi voza\u010di shvatili da postupaju pogre\u0161no, ove godine nesavesni voza\u010di su pored flajera na odre\u0111enim lokacijama \u0161irom Srbije dobijali i &#8216;Uspomene sa Lidl parkinga&#8217; u vidu fotografije svog nepropisno parkiranog vozila, uz prate\u0107e poruke koje ukazuju na neopravdanost njihovog postupka.<\/p>\n\n\n\n<p>Ove godine Lidl je u svojoj borbi imao i saveznike, popularne likove iz serije &#8216;Dr\u017eavni posao&#8217;, koji su se&nbsp; na\u0161li u ulozi &#8216;redara&#8217; i na parkingu ispred Lidl prodavnice preusmeravali voza\u010de koji su nesavesno ostavili svoj automobil na parking mestu namenjenom osobama sa invaliditetom.<\/p>\n\n\n\n<p>Za kraj ovogodi\u0161nje kampanje, Lidl dodatno obele\u017eava sva svoja postoje\u0107a parking mesta namenjena osobama sa invaliditetom &#8211; tablama sa naslovom kampanje i klju\u010dnim porukama. Na ovaj na\u010din \u0107e svaki voza\u010d, pored obavezne oznake na samoj povr\u0161ini parking mesta, dodatno i na tabli sa strane, mo\u0107i lako da vidi obele\u017eje i da se tako informi\u0161e za koga je parking mesto namenjeno.<\/p>\n\n\n\n<p>Lidl Srbija, kao dru\u0161tveno-odgovorna kompanija, nastoji da svakoj sredini u kojoj posluje pru\u017ei oslonac i podr\u0161ku, time oja\u010da me\u0111usobno po\u0161tovanje i uva\u017eavanje. Kompanija \u0107e da nastavi projekat dokle god bude potrebe za njim &#8211; uz nadu da \u0107e ova kampanja brzo do\u010dekati svoj kraj, odnosno da \u0107e se u budu\u0107nosti pomenuti izazovi sa kojima se osobe sa invaliditetom susre\u0107u u velikoj meri smanjiti.<\/p>\n","protected":false},"excerpt":{"rendered":"<p>2. IX 2024 | Kompanija Lidl Srbija je, tre\u0107u godinu zaredom, kroz brojne inicijative, nastavila rad na ve\u0107 prepoznatom projektu &#8216;Ho\u0107e\u0161 da menjamo mesta? Pomeri se s mesta&#8217;, koji je nastao u saradnji sa Nacionalnom organizacijom osoba sa invaliditetom Srbije \u2013 NOOIS. I ove godine, Lidl je kroz projekat edukovao javnost o pravima i potrebama [&hellip;]<\/p>\n","protected":false},"author":1,"featured_media":34094,"comment_status":"closed","ping_status":"open","sticky":false,"template":"","format":"standard","meta":{"pgc_sgb_lightbox_settings":""},"categories":[48],"tags":[],"_links":{"self":[{"href":"http:\/\/progressivemagazin.rs\/online\/wp-json\/wp\/v2\/posts\/34093"}],"collection":[{"href":"http:\/\/progressivemagazin.rs\/online\/wp-json\/wp\/v2\/posts"}],"about":[{"href":"http:\/\/progressivemagazin.rs\/online\/wp-json\/wp\/v2\/types\/post"}],"author":[{"embeddable":true,"href":"http:\/\/progressivemagazin.rs\/online\/wp-json\/wp\/v2\/users\/1"}],"replies":[{"embeddable":true,"href":"http:\/\/progressivemagazin.rs\/online\/wp-json\/wp\/v2\/comments?post=34093"}],"version-history":[{"count":1,"href":"http:\/\/progressivemagazin.rs\/online\/wp-json\/wp\/v2\/posts\/34093\/revisions"}],"predecessor-version":[{"id":34095,"href":"http:\/\/progressivemagazin.rs\/online\/wp-json\/wp\/v2\/posts\/34093\/revisions\/34095"}],"wp:featuredmedia":[{"embeddable":true,"href":"http:\/\/progressivemagazin.rs\/online\/wp-json\/wp\/v2\/media\/34094"}],"wp:attachment":[{"href":"http:\/\/progressivemagazin.rs\/online\/wp-json\/wp\/v2\/media?parent=34093"}],"wp:term":[{"taxonomy":"category","embeddable":true,"href":"http:\/\/progressivemagazin.rs\/online\/wp-json\/wp\/v2\/categories?post=34093"},{"taxonomy":"post_tag","embeddable":true,"href":"http:\/\/progressivemagazin.rs\/online\/wp-json\/wp\/v2\/tags?post=34093"}],"curies":[{"name":"wp","href":"https:\/\/api.w.org\/{rel}","templated":true}]}}