{"id":33804,"date":"2024-06-28T12:45:54","date_gmt":"2024-06-28T11:45:54","guid":{"rendered":"https:\/\/progressivemagazin.rs\/online\/?p=33804"},"modified":"2024-06-28T12:46:21","modified_gmt":"2024-06-28T11:46:21","slug":"lidl-i-wwf-zapocinju-ambiciozno-medunarodno-partnerstvo","status":"publish","type":"post","link":"http:\/\/progressivemagazin.rs\/online\/lidl-i-wwf-zapocinju-ambiciozno-medunarodno-partnerstvo\/","title":{"rendered":"LIDL I WWF ZAPO\u010cINJU AMBICIOZNO ME\u0110UNARODNO PARTNERSTVO"},"content":{"rendered":"<div class=\"wp-block-image\">\n<figure class=\"aligncenter size-full\"><img decoding=\"async\" loading=\"lazy\" width=\"650\" height=\"433\" src=\"http:\/\/progressivemagazin.rs\/online\/wp-content\/uploads\/2024\/06\/28624-lidl-wwf-partnerstvo.jpg\" alt=\"\" class=\"wp-image-33805\" srcset=\"http:\/\/progressivemagazin.rs\/online\/wp-content\/uploads\/2024\/06\/28624-lidl-wwf-partnerstvo.jpg 650w, http:\/\/progressivemagazin.rs\/online\/wp-content\/uploads\/2024\/06\/28624-lidl-wwf-partnerstvo-300x200.jpg 300w\" sizes=\"(max-width: 650px) 100vw, 650px\" \/><figcaption class=\"wp-element-caption\"><sup>Foto: Lidl Srbija<\/sup><\/figcaption><\/figure><\/div>\n\n\n<p><\/p>\n\n\n\n<p><strong>28. VI 2024 |<\/strong>\u00a0Lidl, jedan od najve\u0107ih trgovaca na malo i WWF jedna od najve\u0107ih nezavisnih organizacija za za\u0161titu prirode, najavili su po\u010detak novog strate\u0161kog petogodi\u0161njeg partnerstva na me\u0111unarodnom nivou, u 31 zemlji. Saradnja sa WWF-om fokusira\u0107e se na aktivnosti du\u017e Lidlovog lanca vrednosti i tako doprineti globalnim ekolo\u0161kim izazovima na\u0161eg vremena i osigurati da vi\u0161e doma\u0107instava ima pristup odr\u017eivijim ponudama. Partneri usko sara\u0111uju zala\u017eu\u0107i se za poslovanje u skladu sa prirodom i u okviru planetarnih granica.<\/p>\n\n\n\n<p>Ovo partnerstvo je jo\u0161 jedan korak posve\u0107enosti, u sklopu koje Lidl unapre\u0111uje odr\u017eivost u okviru svoje internacionalne strategije odr\u017eivosti. Zajedni\u010dki cilj ovog partnerstva je da za potro\u0161a\u010de stvori jo\u0161 odr\u017eivije mogu\u0107nosti.<\/p>\n\n\n\n<p>\u201eKao jedan od najve\u0107ih trgovaca hranom, svesni smo na\u0161e odgovornosti i na\u0161eg uticaja. Preuzimamo odgovornost sa ciljem da poslujemo unutar planetarnih granica. Za Lidl, odr\u017eivo upravljanje nije samo pitanje stava, ve\u0107 i osnova za budu\u0107u odr\u017eivost na\u0161eg poslovnog modela. Uz podr\u0161ku i stru\u010dnost WWF-a, na\u0161u posve\u0107enost odr\u017eivosti \u0107emo podi\u0107i na vi\u0161i nivo. Samo zajedni\u010dkim radom mo\u017eemo prevazi\u0107i velike globalne izazove kao \u0161to su klimatske promene i gubitak biodiverziteta. Zato se mi u Lidlu oslanjamo na ovo jako partnerstvo, kako bismo zajedno na\u0161im kupcima svakoga dana pru\u017eili odr\u017eivije mogu\u0107nosti\u201d, istakao je Dragan \u010cigoja, generalni direktor, Lidl Srbija.<\/p>\n\n\n\n<p>\u201eNa\u010din na koji konzumiramo hranu i energiju jedan je od vode\u0107ih uzroka izumiranja vrsta i klimatskih promena. Kako bismo zaustavili i preokrenuli trenutno najve\u0107u krizu sa kojom se \u010dove\u010danstvo susre\u0107e, neophodni su hrabri koraci ka promeni energetskog i prehrambenog sistema, u \u010demu sektor maloprodaje hrane ima klju\u010dnu ulogu. Kao najve\u0107i maloprodajni prehrambeni lanac u Evropi, Lidl ima ogromnu me\u0111unarodnu polugu da gura neophodne promene u industriji hrane. WWF je ponosan \u0161to \u0107e se pridru\u017eiti Lidlu na tom putu, na kojem \u0107emo kompaniji ujedno biti i podr\u0161ka i izaziva\u010d\u201c, rekao je Kirsten \u0160vijt, Generalni direktor WWF INT.<\/p>\n\n\n\n<p>Postoje\u0107e nacionalne saradnje izme\u0111u Lidla i WWF-a, na primer u \u0160vajcarskoj i Austriji, \u0107e se intenzivirati i pro\u0161iriti me\u0111unarodno &#8211; jer odr\u017eivi anga\u017eman ne poznaje granice. Lidl je postavio cilj da svojim potro\u0161a\u010dima odr\u017eivu kupovinu u budu\u0107e u\u010dini jo\u0161 lak\u0161om i sara\u0111uje sa WWF-om na stvaranju odr\u017eivijeg asortimana, kako bi aktivno podr\u017eali odr\u017eivu transformaciju. Partnerstvo \u0107e se fokusirati na slede\u0107e klju\u010dne oblasti:<\/p>\n\n\n\n<p>\u2022&nbsp;&nbsp;&nbsp;&nbsp;&nbsp;&nbsp;&nbsp;&nbsp;&nbsp;&nbsp; Za\u0161tita i promocija biodiverziteta<\/p>\n\n\n\n<p>\u2022&nbsp;&nbsp;&nbsp;&nbsp;&nbsp;&nbsp;&nbsp;&nbsp;&nbsp;&nbsp; Odgovorno upravljanje vodom<\/p>\n\n\n\n<p>\u2022&nbsp;&nbsp;&nbsp;&nbsp;&nbsp;&nbsp;&nbsp;&nbsp;&nbsp;&nbsp; Za\u0161tita klime bazirana na nau\u010dno zasnovanim ciljevima<\/p>\n\n\n\n<p>\u2022&nbsp;&nbsp;&nbsp;&nbsp;&nbsp;&nbsp;&nbsp;&nbsp;&nbsp;&nbsp; Izgradnja i pro\u0161irenje transparentnih lanca snabdevanja bez deforestacije i prenamene zemlji\u0161ta<\/p>\n\n\n\n<p>\u2022&nbsp;&nbsp;&nbsp;&nbsp;&nbsp;&nbsp;&nbsp;&nbsp;&nbsp;&nbsp; Odgovorna nabavka klju\u010dnih sirovina poput palminog ulja, soje, kakaoa, \u010daja, kafe, drveta i proizvoda od papira<\/p>\n\n\n\n<p>\u2022&nbsp;&nbsp;&nbsp;&nbsp;&nbsp;&nbsp;&nbsp;&nbsp;&nbsp;&nbsp; Odgovorna nabavka ribe i morskih plodova kao i zalaganje za za\u0161titu kriti\u010dnih ribarskih podru\u010dja i ribljih fondova<\/p>\n\n\n\n<p>\u2022&nbsp;&nbsp;&nbsp;&nbsp;&nbsp;&nbsp;&nbsp;&nbsp;&nbsp;&nbsp; Zalaganje za osve\u0161\u0107eniju i odr\u017eiviju ishranu i odr\u017eiviju kupovinu<\/p>\n\n\n\n<p>\u2022&nbsp;&nbsp;&nbsp;&nbsp;&nbsp;&nbsp;&nbsp;&nbsp;&nbsp;&nbsp; Smanjenje bacanja hrane<\/p>\n\n\n\n<p>Osim Lidlovog zalaganja du\u017e svog lanca vrednosti, kompanija \u0107e podr\u017eati razli\u010dite projekte WWF-a sa ciljem za\u0161tite prirode u regionima koji \u010dine lanac snabdevanja.<\/p>\n","protected":false},"excerpt":{"rendered":"<p>28. VI 2024 |\u00a0Lidl, jedan od najve\u0107ih trgovaca na malo i WWF jedna od najve\u0107ih nezavisnih organizacija za za\u0161titu prirode, najavili su po\u010detak novog strate\u0161kog petogodi\u0161njeg partnerstva na me\u0111unarodnom nivou, u 31 zemlji. Saradnja sa WWF-om fokusira\u0107e se na aktivnosti du\u017e Lidlovog lanca vrednosti i tako doprineti globalnim ekolo\u0161kim izazovima na\u0161eg vremena i osigurati da [&hellip;]<\/p>\n","protected":false},"author":1,"featured_media":33805,"comment_status":"closed","ping_status":"open","sticky":false,"template":"","format":"standard","meta":{"pgc_sgb_lightbox_settings":""},"categories":[49,1],"tags":[],"_links":{"self":[{"href":"http:\/\/progressivemagazin.rs\/online\/wp-json\/wp\/v2\/posts\/33804"}],"collection":[{"href":"http:\/\/progressivemagazin.rs\/online\/wp-json\/wp\/v2\/posts"}],"about":[{"href":"http:\/\/progressivemagazin.rs\/online\/wp-json\/wp\/v2\/types\/post"}],"author":[{"embeddable":true,"href":"http:\/\/progressivemagazin.rs\/online\/wp-json\/wp\/v2\/users\/1"}],"replies":[{"embeddable":true,"href":"http:\/\/progressivemagazin.rs\/online\/wp-json\/wp\/v2\/comments?post=33804"}],"version-history":[{"count":2,"href":"http:\/\/progressivemagazin.rs\/online\/wp-json\/wp\/v2\/posts\/33804\/revisions"}],"predecessor-version":[{"id":33807,"href":"http:\/\/progressivemagazin.rs\/online\/wp-json\/wp\/v2\/posts\/33804\/revisions\/33807"}],"wp:featuredmedia":[{"embeddable":true,"href":"http:\/\/progressivemagazin.rs\/online\/wp-json\/wp\/v2\/media\/33805"}],"wp:attachment":[{"href":"http:\/\/progressivemagazin.rs\/online\/wp-json\/wp\/v2\/media?parent=33804"}],"wp:term":[{"taxonomy":"category","embeddable":true,"href":"http:\/\/progressivemagazin.rs\/online\/wp-json\/wp\/v2\/categories?post=33804"},{"taxonomy":"post_tag","embeddable":true,"href":"http:\/\/progressivemagazin.rs\/online\/wp-json\/wp\/v2\/tags?post=33804"}],"curies":[{"name":"wp","href":"https:\/\/api.w.org\/{rel}","templated":true}]}}