{"id":31796,"date":"2023-10-20T13:25:13","date_gmt":"2023-10-20T12:25:13","guid":{"rendered":"http:\/\/progressivemagazin.rs\/online\/?p=31796"},"modified":"2023-10-20T13:25:13","modified_gmt":"2023-10-20T12:25:13","slug":"ananas-mk-poceo-sa-radom","status":"publish","type":"post","link":"http:\/\/progressivemagazin.rs\/online\/ananas-mk-poceo-sa-radom\/","title":{"rendered":"ANANAS.MK PO\u010cEO SA RADOM"},"content":{"rendered":"<div class=\"wp-block-image\">\n<figure class=\"aligncenter size-full\"><img decoding=\"async\" loading=\"lazy\" width=\"330\" height=\"440\" src=\"http:\/\/progressivemagazin.rs\/online\/wp-content\/uploads\/2023\/10\/201023-Marko-Carevic-CEO-Ananas.jpg\" alt=\"\" class=\"wp-image-31797\" srcset=\"http:\/\/progressivemagazin.rs\/online\/wp-content\/uploads\/2023\/10\/201023-Marko-Carevic-CEO-Ananas.jpg 330w, http:\/\/progressivemagazin.rs\/online\/wp-content\/uploads\/2023\/10\/201023-Marko-Carevic-CEO-Ananas-225x300.jpg 225w\" sizes=\"(max-width: 330px) 100vw, 330px\" \/><\/figure><\/div>\n\n\n<p><\/p>\n\n\n\n<p><strong>20. X 2023 |<\/strong>\u00a0Sve\u010danim doga\u0111ajem u Skoplju i zvani\u010dno je obele\u017een po\u010detak poslovanja Ananasa u Makedoniji. Kao \u0161to je i najavljeno, ananas.rs, otpo\u010deo je svoje regionalno \u0161irenje, a prvi korak ka tom cilju predstavlja lansiranje ananas.mk. Gala doga\u0111aju prisustvovao je Miroslav Mi\u0161kovi\u0107, predsednik Delta Holdinga, kao i potpredsednici ove grupacije. Otvaranje Ananasa u Makedoniji predstavlja najve\u0107i onlajn projekatpodr\u017ean\u00a0 od strane Delta Holdinga, sa ciljem pru\u017eanja vrhunskog iskustva onlajn kupovine korisnicima \u0161irom regiona.<\/p>\n\n\n\n<p>Sve\u010danost je otvorila Nina Angelovska, direktorka za internacionalni razvoj. Tim povodom istakla je da \u0107e Ananas.mk nastaviti da postavlja standarde u oblasti e-trgovine i pru\u017ea najbolje iskustvo kupcima i partnerima, a izrazila je i zahvalnost svim partnerima koji su podr\u017eali projekat od samog po\u010detka poslovanja na ovom tr\u017ei\u0161tu.<\/p>\n\n\n\n<p>Prisutnima se obratio i Denis Ampov, Country Manager kompanije Ananas.mk, isti\u010du\u0107i trud i predanost tima koji je omogu\u0107io uspe\u0161no lansiranje platforme. Ampov je izrazio uverenje da \u0107e Ananas.mk postati klju\u010dni igra\u010d u oblasti onlajn trgovine i doprineti rastu i razvoju digitalne ekonomije, zaposlenosti i privredeu zemlji.<\/p>\n\n\n\n<p>Goste je pozdravio i CEO Ananas e-commerce Marko Carevi\u0107 koji je istakao:<\/p>\n\n\n\n<p>\u201eAko vam pri\u010dam o tome da je \u010dak 97% po\u0161iljaka iz na\u0161eg magacina stiglo do kupaca ve\u0107 narednog radnog dana, ako vam ka\u017eem da se poseta na\u0161oj platformi meri u milionima i da na dnevnom nivou ulistamo na desetine novih trgovaca, onda vam pri\u010dam o samo nekoliko klju\u010dnih stvari koje smo postigli za prvih godinu dana rada u Srbiji. A sada je red da to isto i jo\u0161 bolje i jo\u0161 efikasnije postignemo u Makedoniji. Nama nije cilj da prestignemo konkurenciju, cilj nam je da svaki prose\u010dan gra\u0111anin kada pomisli na onlajn trgovinu, klikne na Ananas. A to \u0107emo posti\u0107i zajedno.<\/p>\n\n\n\n<p>Izuzetno sam sre\u0107an \u0161to je prva zemlja na na\u0161oj mapi internacionalizacije ba\u0161 Severna Makedonija. \u010cvrsto verujem da \u0107emo zajedno uspeti da postavimo najvi\u0161e standarde na e-commerce tr\u017ei\u0161tu i oja\u010damo privredu celog regiona\u201c.<\/p>\n\n\n\n<p>Lansiranje Ananas.mk predstavlja po\u010detak nove ere e-commerca u Severnoj Makedoniji i potvr\u0111uje predanost kompanije stvaranju uspe\u0161nih poslovnih prilika za partnere i korisnike. Ananas \u0107e nastaviti da \u0161iri svoje prisustvo i doprinosi rastu lokalne ekonomije, nude\u0107i visokokvalitetne proizvode i usluge putem svoje platforme.<\/p>\n","protected":false},"excerpt":{"rendered":"<p>20. X 2023 |\u00a0Sve\u010danim doga\u0111ajem u Skoplju i zvani\u010dno je obele\u017een po\u010detak poslovanja Ananasa u Makedoniji. Kao \u0161to je i najavljeno, ananas.rs, otpo\u010deo je svoje regionalno \u0161irenje, a prvi korak ka tom cilju predstavlja lansiranje ananas.mk. Gala doga\u0111aju prisustvovao je Miroslav Mi\u0161kovi\u0107, predsednik Delta Holdinga, kao i potpredsednici ove grupacije. Otvaranje Ananasa u Makedoniji predstavlja [&hellip;]<\/p>\n","protected":false},"author":1,"featured_media":31797,"comment_status":"closed","ping_status":"open","sticky":false,"template":"","format":"standard","meta":{"pgc_sgb_lightbox_settings":""},"categories":[49,1],"tags":[],"_links":{"self":[{"href":"http:\/\/progressivemagazin.rs\/online\/wp-json\/wp\/v2\/posts\/31796"}],"collection":[{"href":"http:\/\/progressivemagazin.rs\/online\/wp-json\/wp\/v2\/posts"}],"about":[{"href":"http:\/\/progressivemagazin.rs\/online\/wp-json\/wp\/v2\/types\/post"}],"author":[{"embeddable":true,"href":"http:\/\/progressivemagazin.rs\/online\/wp-json\/wp\/v2\/users\/1"}],"replies":[{"embeddable":true,"href":"http:\/\/progressivemagazin.rs\/online\/wp-json\/wp\/v2\/comments?post=31796"}],"version-history":[{"count":1,"href":"http:\/\/progressivemagazin.rs\/online\/wp-json\/wp\/v2\/posts\/31796\/revisions"}],"predecessor-version":[{"id":31798,"href":"http:\/\/progressivemagazin.rs\/online\/wp-json\/wp\/v2\/posts\/31796\/revisions\/31798"}],"wp:featuredmedia":[{"embeddable":true,"href":"http:\/\/progressivemagazin.rs\/online\/wp-json\/wp\/v2\/media\/31797"}],"wp:attachment":[{"href":"http:\/\/progressivemagazin.rs\/online\/wp-json\/wp\/v2\/media?parent=31796"}],"wp:term":[{"taxonomy":"category","embeddable":true,"href":"http:\/\/progressivemagazin.rs\/online\/wp-json\/wp\/v2\/categories?post=31796"},{"taxonomy":"post_tag","embeddable":true,"href":"http:\/\/progressivemagazin.rs\/online\/wp-json\/wp\/v2\/tags?post=31796"}],"curies":[{"name":"wp","href":"https:\/\/api.w.org\/{rel}","templated":true}]}}