{"id":31530,"date":"2023-09-27T12:08:57","date_gmt":"2023-09-27T11:08:57","guid":{"rendered":"https:\/\/progressivemagazin.rs\/online\/?p=31530"},"modified":"2023-09-27T12:08:57","modified_gmt":"2023-09-27T11:08:57","slug":"zavrsen-16-weekend-media-festival-u-rovinju","status":"publish","type":"post","link":"http:\/\/progressivemagazin.rs\/online\/zavrsen-16-weekend-media-festival-u-rovinju\/","title":{"rendered":"ZAVR\u0160EN 16. WEEKEND MEDIA FESTIVAL U ROVINJU"},"content":{"rendered":"<div class=\"wp-block-image\">\n<figure class=\"aligncenter size-large is-resized\"><img decoding=\"async\" loading=\"lazy\" src=\"http:\/\/progressivemagazin.rs\/online\/wp-content\/uploads\/2023\/09\/2692023-weekend-1024x683.jpg\" alt=\"\" class=\"wp-image-31531\" width=\"455\" height=\"303\" srcset=\"http:\/\/progressivemagazin.rs\/online\/wp-content\/uploads\/2023\/09\/2692023-weekend-1024x683.jpg 1024w, http:\/\/progressivemagazin.rs\/online\/wp-content\/uploads\/2023\/09\/2692023-weekend-300x200.jpg 300w, http:\/\/progressivemagazin.rs\/online\/wp-content\/uploads\/2023\/09\/2692023-weekend-768x512.jpg 768w, http:\/\/progressivemagazin.rs\/online\/wp-content\/uploads\/2023\/09\/2692023-weekend.jpg 1500w\" sizes=\"(max-width: 455px) 100vw, 455px\" \/><\/figure><\/div>\n\n\n<p>Foto: Zvonimir Bari\u0161in, Pixsell<\/p>\n\n\n\n<p><strong>27. IX 2023 |<\/strong> &#8222;Najbolji Weekend u godini ponovno je odu\u0161evio, inspirisao, edukovao i zabavio, i tako opravdao titulu vode\u0107eg regionalnog festivala medija, komunikacije, marketinga i \u0161irokog podru\u010dja kreativnog biznisa. Stara rovinjska Tvornica duhana u poslednja tri dana okupila je rekordan broj posetilaca koji su imali priliku da u\u010destvuju u vrhunskim predavanjima i da od vode\u0107ih regionalnih i svetskih stru\u010dnjaka \u010duju sve o aktuelnim temama i trendovima dana\u0161njice, uz nezaobilaznu dozu odli\u010dnog dru\u017eenja i zabave. Me\u0111u njima su bile teme o su\u017eivotu PR-ovaca i novinara, kontroverznim preduzetnicima, uticaju ve\u0161ta\u010dke inteligencije, fenomenu trapa, ali i poslovnim proma\u0161ajima koje su zabele\u017eili uspe\u0161ni preduzetnici na svom razvojnom putu&#8220;, navodi se u saop\u0161tenju organizatora.<\/p>\n\n\n\n<p>&#8222;Weekend.16 je nadma\u0161io sva o\u010dekivanja. Bilo je fantasti\u010dno jo\u0161 jednom u\u017eivati u neverovatnoj atmosferi, pogledu na pune dvorane i zadovoljna lica rekordnih oko 6.000 posetilaca koji su u\u017eivali u poslednjem septembarskom vikendu. Jo\u0161 jednom smo dokazali da smo festival-lider u razmeni iskustava, odli\u010dne energije, prijateljstva i stvaranja poslovnih saradnji, ali i festival novih ideja&#8220;, rekao je <strong>Tomo Ricov<\/strong>, programski direktor Weekend Media Festivala koji je i ove godine odr\u017ean pod generalnim pokroviteljstvom Adris grupe.<\/p>\n\n\n\n<p>Ve\u0161ta\u010dka inteligencija je sveprisutna, mla\u0111e generacije \u0107e se prirodno razvijati uz nju, a na nama je da upoznamo sve njene mogu\u0107nosti, edukujemo se, informi\u0161emo i prihvatimo pozitivne promene koje \u0107e doneti, naglasak je panela <strong>Open about AI.<\/strong> Dinami\u010dna rasprava stru\u010dnjaka za ve\u0161ta\u010dku inteligenciju<strong> Borisa Debi\u0107a<\/strong>, direktora Z\u0160EM; <strong>Mislava Malenice<\/strong>, Croatian Association President i CEO, Mindsmiths i <strong>Jo\u0161ka Mrnd\u017ee<\/strong>, direktora Adriatics regiona, Google koju je moderirao <strong>Aco Mom\u010dilovi\u0107<\/strong>, stru\u010dnjak i savetnik, Futurehr, zaklju\u010dena je porukom da nije toliko bitna tehnologija, koliko je va\u017ena \u010dinjenica da je doba pred kojim se nalazimo nova revolucija. I <strong>Boris Joki\u0107<\/strong>, direktor Instituta za dru\u0161tvena istra\u017eivanja, na svom predavanju zaklju\u010dio je da su razvoj digitalnih tehnologija i ve\u0161ta\u010dke inteligencije radikalno promenili sve aspekte na\u0161ih \u017eivota, pa da privatni prostor gotovo vi\u0161e ne postoji.<\/p>\n\n\n\n<p>Neverovatna saznanja o budu\u0107nosti, geopoliti\u010dkim promenama i uticaju Azije na Zapad ispri\u010dao je<strong> Kishore Mahbubani<\/strong>, singapurski diplomata, biv\u0161i predsednik Saveta bezbednosti UN-a i stru\u010dnjak za me\u0111unarodne odnose na panelu <strong>Je li (se) Zapad izgubio?<\/strong>. \u201cSlede\u0107ih 10 godina bi\u0107e 10 najuzbudljivijih godina u geopolitici\u201c, rekao je Mahbubani, nagla\u0161avaju\u0107i kako se nikada u ljudskoj istoriji nije dogodilo da gledamo kako se dve neverovante sile, iste veli\u010dine i mo\u0107i, konfrontiraju. \u201cOvo \u0107e uzdrmati svet, ve\u017eite pojaseve!\u201d, poru\u010dio je Mahbubani s inspirativnog predavanja.<\/p>\n\n\n\n<p>\u017dustra rasprava vodila se na panelu \u2013 <strong>Gde PR-ovci gre\u0161e?. \u201c<\/strong>Nije problem to \u0161to se prema nama sliva previ\u0161e informacija, ve\u0107 je problem naj\u010de\u0161\u0107e u tome da PR-ovci \u017eele imati kontrolu nad radom novinara, nekad kroz politi\u010dku mo\u0107, nekad kroz komercijalnu mo\u0107 i misle da imaju mo\u0107 baratanja informacijama. Ukratko, novinarima smeta jer \u017eele informacije koje PR-ovci ne \u017eele dati, a PR-ovci guraju informacije koje su novinaru nezanimljive jer su promotivnog karaktera. Tu je na gubitku upravo publika jer dolazi do sukoba izme\u0111u dve struje\u201d, rekao je <strong>Tomislav Klau\u0161ki<\/strong>, novinar 24 sata koji je na panelu u\u010destvovao s <strong>Ivanom Gali\u0107 Baksa<\/strong>, direktorkom marketinga i komunikacija, United Media; Ru\u017eom Veljovi\u0107, direktorom korporativnih poslova i komunikacija, Wireles Media Grupa, i <strong>Vladimirom Preseljem<\/strong>, CEO Millenium promocije. O uticaju medija na percepciju preduzetnika govorili su <strong>Zoran Turkovi\u0107<\/strong>, chief executive officer 24 sata; <strong>Aleksandar Stankovi\u0107<\/strong>, TV voditelj; <strong>Zoran \u0160prajc<\/strong>, RTL, urednik i voditelj: <strong>Hrvoje Bujas<\/strong>, predsednik Udruge Glas poduzetnika i <strong>Tihomir Ladi\u0161i\u0107<\/strong>, N1, direktor vesti i programa na panelu <strong>Kontroverzni preduzetnik powered by UGP<\/strong> pod moderatorskom palicom <strong>Petra \u0160tefani\u0107a<\/strong>.<\/p>\n\n\n\n<p>\u201cPo\u010detkom 90-ih godina se re\u010d preduzetnik uglavnom vezala uz kriminal i cela ideja UGP-a je bila da re\u010d preduzetnik postane pojam za ljude koji stvaraju nove vrednosti. Re\u010d privrednik je \u010dovek koji je preko politi\u010dke veze do\u0161ao na poziciju i zato trebamo distancirati ta dva pojma. Politika deluje u medijima, naravno, ali postoje preduzetnici koji bi isto tako hteli i uticaj i mo\u0107\u201c, rekao je Bujas.<\/p>\n\n\n\n<p>Iako masovni mediji nisu kraljevi medijske kulture kao prije, ostali su \u017eivi i sna\u017eni pa je tehnologija promenila njihovu dominaciju i, paradoksalno, u\u010dinila ih sna\u017enijima, teza je s predavanja <strong>Kako podaci i ve\u0161ta\u010dka inteligencija oblikuju dana\u0161nji DOOH<\/strong> i <strong>Posljednji masovni medij <\/strong>na kojima su vode\u0107a imena s podru\u010dja DOOH-a &#8211; <strong>Kai-Marcus Th\u00e4sler<\/strong>, \u010dlan upravnog odbora Svetske organizacijske za spoljno ogla\u0161avanje (WOO) te <strong>Denis Gaumondie<\/strong>, pionir i svetski lider u merenju vanjskog digitalnog ogla\u0161avanja i ekrana u maloprodaji, podelili svoje pri\u010de i iskustva. \u201c<em>Najlak\u0161e je odustati, najte\u017ee je nastaviti<\/em>\u201c poruka je ovogodi\u0161njeg panela <strong>Pu\u0161iona 2.0<\/strong> na kojemu su uspe\u0161ni ljudi otkrili svoje manje uspe\u0161ne pri\u010de, dok su nepomirljive razlike izme\u0111u boomera, gen Z-a i milenijalaca, odnosno dece cve\u0107a i rokera, i mlade generacije koja slu\u0161a trap, objasnili muzi\u010dari <strong>Relja Popovi\u0107 <\/strong>i<strong> Zembo Latifa, \u0110or\u0111e Trbovi\u0107,<\/strong> suosniva\u010d i izvr\u0161ni direktor IDJ-a i <strong>Milan Majerovi\u0107 Stilinovi\u0107<\/strong>, ZAMP. Zaklju\u010dili su da je, uprkos tome \u0161to boomeri \u010desto ne razumeju trap kulturu, to postao fenomen koji je ujedinio Balkan \u0161to ukazuje na snagu muzike kao sredstva za spajanje ljudi i unapre\u0111enje zajedni\u0161tva.<\/p>\n\n\n\n<p>\u010cemu se smeje publika na obalama Vardara, a \u010demu ona ispod Triglava? Kakvoj publici je va\u017enije da je ne\u0161to duhovito, a kojoj je dovoljno da je samo sme\u0161no? Na ova je pitanja odgovarala najduhovitija postava Weekenda \u2013 stand-up komi\u010dari <strong>Tin Vodopivec,<\/strong> <strong>Goran Vin\u010di\u0107 i Pe\u0111a Bajovi\u0107<\/strong>, kao i novinar i voditelj <strong>Zoran Kesi\u0107 <\/strong>koji ne veruje da njegovu publiku mu\u010de pro\u017evakana nacionalisti\u010dka pitanja, iako je to na na\u0161im prostorima i dalje prisutna tema, i koji bi, umesto politi\u010dke satire, u Evropu izvozio na\u0161e politi\u010dare. Weekend Media Festival zaokru\u017een je zabavom do ranojutarnjih sati uz sjajan holandsko-novozelandski bend My Baby i na RNB Confusionu, koji su priredili <strong>DJ Medo <\/strong>i <strong>DJ Turk<\/strong> te <strong>Zembo Latifa, <\/strong>uz odli\u010dnu muziku, puno zabave i dru\u017eenja ispratili ovogodi\u0161nji Weekend.16.<\/p>\n\n\n\n<p>Kako je bilo na ovogodi\u0161njem Weekendu mo\u017eete videti <a href=\"https:\/\/weekend.hr\/\">ovde<\/a>, a sve novosti mo\u017eete pratiti putem slu\u017ebenih<a href=\"https:\/\/www.facebook.com\/Weekend.Media.Festival\/\"> <\/a><a href=\"https:\/\/www.facebook.com\/Weekend.Media.Festival\/\">Facebook<\/a>, <a href=\"https:\/\/www.instagram.com\/weekendmediafestival\/?hl=en\">&nbsp;<\/a><a href=\"https:\/\/www.instagram.com\/weekendmediafestival\/?hl=en\">Instagram<\/a> i<a href=\"https:\/\/www.linkedin.com\/company\/weekend-media-festival\/?originalSubdomain=hr\"> <\/a><a href=\"https:\/\/www.linkedin.com\/company\/weekend-media-festival\/?originalSubdomain=hr\">Linkedin<\/a> profila Festivala.<\/p>\n","protected":false},"excerpt":{"rendered":"<p>Foto: Zvonimir Bari\u0161in, Pixsell 27. IX 2023 | &#8222;Najbolji Weekend u godini ponovno je odu\u0161evio, inspirisao, edukovao i zabavio, i tako opravdao titulu vode\u0107eg regionalnog festivala medija, komunikacije, marketinga i \u0161irokog podru\u010dja kreativnog biznisa. Stara rovinjska Tvornica duhana u poslednja tri dana okupila je rekordan broj posetilaca koji su imali priliku da u\u010destvuju u vrhunskim [&hellip;]<\/p>\n","protected":false},"author":1,"featured_media":31531,"comment_status":"closed","ping_status":"open","sticky":false,"template":"","format":"standard","meta":{"pgc_sgb_lightbox_settings":""},"categories":[49],"tags":[],"_links":{"self":[{"href":"http:\/\/progressivemagazin.rs\/online\/wp-json\/wp\/v2\/posts\/31530"}],"collection":[{"href":"http:\/\/progressivemagazin.rs\/online\/wp-json\/wp\/v2\/posts"}],"about":[{"href":"http:\/\/progressivemagazin.rs\/online\/wp-json\/wp\/v2\/types\/post"}],"author":[{"embeddable":true,"href":"http:\/\/progressivemagazin.rs\/online\/wp-json\/wp\/v2\/users\/1"}],"replies":[{"embeddable":true,"href":"http:\/\/progressivemagazin.rs\/online\/wp-json\/wp\/v2\/comments?post=31530"}],"version-history":[{"count":1,"href":"http:\/\/progressivemagazin.rs\/online\/wp-json\/wp\/v2\/posts\/31530\/revisions"}],"predecessor-version":[{"id":31532,"href":"http:\/\/progressivemagazin.rs\/online\/wp-json\/wp\/v2\/posts\/31530\/revisions\/31532"}],"wp:featuredmedia":[{"embeddable":true,"href":"http:\/\/progressivemagazin.rs\/online\/wp-json\/wp\/v2\/media\/31531"}],"wp:attachment":[{"href":"http:\/\/progressivemagazin.rs\/online\/wp-json\/wp\/v2\/media?parent=31530"}],"wp:term":[{"taxonomy":"category","embeddable":true,"href":"http:\/\/progressivemagazin.rs\/online\/wp-json\/wp\/v2\/categories?post=31530"},{"taxonomy":"post_tag","embeddable":true,"href":"http:\/\/progressivemagazin.rs\/online\/wp-json\/wp\/v2\/tags?post=31530"}],"curies":[{"name":"wp","href":"https:\/\/api.w.org\/{rel}","templated":true}]}}