{"id":31521,"date":"2023-09-22T15:00:09","date_gmt":"2023-09-22T14:00:09","guid":{"rendered":"http:\/\/progressivemagazin.rs\/online\/?p=31521"},"modified":"2023-09-22T15:00:09","modified_gmt":"2023-09-22T14:00:09","slug":"nestle-literarni-konkurs-ukljucio-studente-u-otvoreni-dijalog-sa-buducim-poslodavcima","status":"publish","type":"post","link":"http:\/\/progressivemagazin.rs\/online\/nestle-literarni-konkurs-ukljucio-studente-u-otvoreni-dijalog-sa-buducim-poslodavcima\/","title":{"rendered":"NESTL\u00c9 LITERARNI KONKURS UKLJU\u010cIO STUDENTE U OTVORENI DIJALOG SA BUDU\u0106IM POSLODAVCIMA"},"content":{"rendered":"<div class=\"wp-block-image\">\n<figure class=\"aligncenter size-full\"><img decoding=\"async\" loading=\"lazy\" width=\"400\" height=\"340\" src=\"http:\/\/progressivemagazin.rs\/online\/wp-content\/uploads\/2023\/09\/22923-Nestle-literarni-konkurs.jpg\" alt=\"\" class=\"wp-image-31522\" srcset=\"http:\/\/progressivemagazin.rs\/online\/wp-content\/uploads\/2023\/09\/22923-Nestle-literarni-konkurs.jpg 400w, http:\/\/progressivemagazin.rs\/online\/wp-content\/uploads\/2023\/09\/22923-Nestle-literarni-konkurs-300x255.jpg 300w\" sizes=\"(max-width: 400px) 100vw, 400px\" \/><\/figure><\/div>\n\n\n<p><\/p>\n\n\n\n<p><strong>22. IX 2023. |\u00a0<\/strong>Kao kompanija koja podr\u017eava mlade u njihovom u\u010denju, li\u010dnom i profesionalnom razvoju, Nestl\u00e9 Srbija je po\u010detkom meseca inspirisala studente \u0161irom na\u0161e zemlje da kroz pismo upu\u0107eno budu\u0107em poslodavcu predstave svoje profesionalne snove i o\u010dekivanja. Konkurs je uspe\u0161no zavr\u0161en a objavljivanjem pobednika i zvani\u010dno je zavr\u0161ena kampanja posve\u0107ena mladima koja je trajala gotovo celo leto.<\/p>\n\n\n\n<p>Najkreativniji rad po oceni \u017eirija napisala je studentkinja Nikolina Dimitrijevi\u0107 sa Fakulteta organizacionih nauka i osvojila glavnu nagradu &#8211; laptop i priliku da dobije va\u017ene smernice za razvoj budu\u0107e karijere uz ru\u010dak sa Marjanom Davidovi\u0107, generalnom direktorkom Nestl\u00e9-a za Srbiju, Crnu Goru i Severnu Makedoniju &#8211; dok su svi u\u010desnici od partnera projekta Lagune dobili besplatan pristup elektronskoj bazi od preko 3.000 knjiga putem aplikacije EDEN Books.<\/p>\n\n\n\n<p>Nestl\u00e9 Srbija pokrenuo je ovu kampanju u \u017eelji da zapo\u010dne otvoreni dijalog sa mladima kako bi im pomogao u prvim koracima u karijeri i zajedno sa njima izgradio \u0161to bolje uslove rada. Slobodno predstavljaju\u0107i svoje stavove imaginarnom poslodavcu, studenti su otkrili da pri\u017eeljkuju radno okru\u017eenje koje \u0107e im pru\u017eiti mogu\u0107nost da se kreativno izraze i izrazili sna\u017enu \u017eelju za li\u010dnim i profesionalnim razvojem. Ve\u0107ini njih prijalo bi fleksibilno, nestandardno radno vreme, koje bi im omogu\u0107ilo da lak\u0161e uspostave ravnote\u017eu izme\u0111u poslovnog i privatnog \u017eivota. Tako\u0111e veoma cene mentorske programe, kao i team building inicijative koje ja\u010daju ose\u0107aj pripadnosti kolektivu i anga\u017eovanja ka zajedni\u010dkom cilju.<\/p>\n\n\n\n<p>\u201cZahvalni smo na\u0161im akademcima na iskrenosti i spremnosti da sa nama podele kako vide sebe u poslovnom svetu i \u0161ta je to \u0161to bi opredelilo njihov odabir poslodavca. Dobili smo dragocene uvide koji \u0107e nam pomo\u0107i da ih bolje razumemo kako bismo gradili radno okru\u017eenje u kom zajedno mo\u017eemo da rastemo. Nama su potrebne njihove sve\u017ee ideje, a verujemo da na\u0161e iskustvo njima mo\u017ee olak\u0161ati prve korake u profesionalnom razvoju. Posve\u0107enost mladima je trajno opredeljenje Nestl\u00e9-a, jer su oni ti koji svojim sve\u017eim perspektivama u interakciji sa iskusnijim kolegama menjaju stvarnost na bolje\u201c, istakla je Tijana Bo\u0161njak, menad\u017eerka ljudskih resursa u Nestl\u00e9 Srbija, koja je bila deo tro\u010dlanog \u017eirija, zajedno sa piscem \u017divojinom \u017dikom Petrovi\u0107em i alpinistom Milo\u0161em Iva\u010dkovi\u0107em.<\/p>\n\n\n\n<p>Za vreme trajanja konkursa, na Nestl\u00e9 stranicama na Fejsbuku i Jutjubu kreirani su edukativni sadr\u017eaji u razli\u010ditim formatima, koji \u0107e studentima i sve\u017eim diplomcima pomo\u0107i da postanu konkurentniji na tr\u017ei\u0161tu rada. Tako\u0111e, tu su mogli pro\u010ditati savete kako sastaviti CV i motivaciono pismo i poslu\u0161ati inspirativne pri\u010de uspe\u0161nih poslovnih ljudi.<\/p>\n\n\n\n<p>Inspirativni konkurs osmi\u0161ljen je kao dodatna komponenta Nestl\u00e9 programa pla\u0107ene letnje prakse Summer\u2019s Cool, koji je u julu organizovan po \u010detvrti put kod nas. \u010cetrnaest studenata i diplomaca pro\u0161li su ovog leta treninge u razli\u010ditim sektorima, od finansija do digitalnog marketinga, u\u010de\u0107i od najboljih stru\u010dnjaka najve\u0107e svetske prehrambene kompanije. Do sada je Nestl\u00e9 Summer\u2019s Cool u Srbiji poha\u0111alo vi\u0161e od 40 studenata i diplomaca, a najbolji od njih dobili su posao u Nestl\u00e9 Srbija.<\/p>\n","protected":false},"excerpt":{"rendered":"<p>22. IX 2023. |\u00a0Kao kompanija koja podr\u017eava mlade u njihovom u\u010denju, li\u010dnom i profesionalnom razvoju, Nestl\u00e9 Srbija je po\u010detkom meseca inspirisala studente \u0161irom na\u0161e zemlje da kroz pismo upu\u0107eno budu\u0107em poslodavcu predstave svoje profesionalne snove i o\u010dekivanja. Konkurs je uspe\u0161no zavr\u0161en a objavljivanjem pobednika i zvani\u010dno je zavr\u0161ena kampanja posve\u0107ena mladima koja je trajala gotovo [&hellip;]<\/p>\n","protected":false},"author":1,"featured_media":31522,"comment_status":"closed","ping_status":"open","sticky":false,"template":"","format":"standard","meta":{"pgc_sgb_lightbox_settings":""},"categories":[48,1],"tags":[],"_links":{"self":[{"href":"http:\/\/progressivemagazin.rs\/online\/wp-json\/wp\/v2\/posts\/31521"}],"collection":[{"href":"http:\/\/progressivemagazin.rs\/online\/wp-json\/wp\/v2\/posts"}],"about":[{"href":"http:\/\/progressivemagazin.rs\/online\/wp-json\/wp\/v2\/types\/post"}],"author":[{"embeddable":true,"href":"http:\/\/progressivemagazin.rs\/online\/wp-json\/wp\/v2\/users\/1"}],"replies":[{"embeddable":true,"href":"http:\/\/progressivemagazin.rs\/online\/wp-json\/wp\/v2\/comments?post=31521"}],"version-history":[{"count":1,"href":"http:\/\/progressivemagazin.rs\/online\/wp-json\/wp\/v2\/posts\/31521\/revisions"}],"predecessor-version":[{"id":31523,"href":"http:\/\/progressivemagazin.rs\/online\/wp-json\/wp\/v2\/posts\/31521\/revisions\/31523"}],"wp:featuredmedia":[{"embeddable":true,"href":"http:\/\/progressivemagazin.rs\/online\/wp-json\/wp\/v2\/media\/31522"}],"wp:attachment":[{"href":"http:\/\/progressivemagazin.rs\/online\/wp-json\/wp\/v2\/media?parent=31521"}],"wp:term":[{"taxonomy":"category","embeddable":true,"href":"http:\/\/progressivemagazin.rs\/online\/wp-json\/wp\/v2\/categories?post=31521"},{"taxonomy":"post_tag","embeddable":true,"href":"http:\/\/progressivemagazin.rs\/online\/wp-json\/wp\/v2\/tags?post=31521"}],"curies":[{"name":"wp","href":"https:\/\/api.w.org\/{rel}","templated":true}]}}