{"id":31508,"date":"2023-09-20T12:39:37","date_gmt":"2023-09-20T11:39:37","guid":{"rendered":"http:\/\/progressivemagazin.rs\/online\/?p=31508"},"modified":"2023-09-20T12:40:51","modified_gmt":"2023-09-20T11:40:51","slug":"proglaseni-finalisti-ovogodisnjeg-konkursa-fashion-incubator-by-perwoll","status":"publish","type":"post","link":"http:\/\/progressivemagazin.rs\/online\/proglaseni-finalisti-ovogodisnjeg-konkursa-fashion-incubator-by-perwoll\/","title":{"rendered":"PROGLA\u0160ENI FINALISTI OVOGODI\u0160NJEG KONKURSA &#8216;FASHION INCUBATOR BY PERWOLL&#8217;"},"content":{"rendered":"\n<p><\/p>\n\n\n<div class=\"wp-block-image\">\n<figure class=\"aligncenter size-full\"><img decoding=\"async\" loading=\"lazy\" width=\"650\" height=\"553\" src=\"http:\/\/progressivemagazin.rs\/online\/wp-content\/uploads\/2023\/09\/20.09.2023-Finalisti-konkursa-Fashion-incubator-Perwoll-copy.jpg\" alt=\"\" class=\"wp-image-31509\" srcset=\"http:\/\/progressivemagazin.rs\/online\/wp-content\/uploads\/2023\/09\/20.09.2023-Finalisti-konkursa-Fashion-incubator-Perwoll-copy.jpg 650w, http:\/\/progressivemagazin.rs\/online\/wp-content\/uploads\/2023\/09\/20.09.2023-Finalisti-konkursa-Fashion-incubator-Perwoll-copy-300x255.jpg 300w\" sizes=\"(max-width: 650px) 100vw, 650px\" \/><\/figure><\/div>\n\n\n<p><\/p>\n\n\n\n<p><strong>20. IX 2023. | <\/strong>Belgrade Fashion Week je u maju mesecu raspisao konkurs &#8216;Fashion Incubator by Perwoll&#8217; za mlade dizajnere, diplomce i studente mode iz Srbije i ex-YU regiona. Konkurs je organizovan u okviru Beogradske nedelje mode, a finalisti \u0107e imati priliku da predstave svoje radove na predstoje\u0107oj reviji u novembru.<\/p>\n\n\n\n<p><\/p>\n\n\n\n<p>Veliki broj kandidata poslao je svoje radove, a najbolji su dobili priliku da rade sa mentorima Sonjom Krsti\u0107, Aleksandrom Proti\u0107, Ivanom Najdanovi\u0107, Sonjom Joci\u0107, kao i Nenadom Radujevi\u0107 na projektnom zadatku \u010dija je tema odr\u017eiva moda.<\/p>\n\n\n\n<p><\/p>\n\n\n\n<p>Na doga\u0111aju povodom progla\u0161enja finalista koji su pro\u0161li u drugi krug, direktor modnog studija Click i osniva\u010d Beogradske nedelje mode Nenad Radujevi\u0107, istakao je: &#8222;Drago mi je da i ove godine imamo priliku da organizujemo konkurs za studente mode i mlade dizajnere u okviru na\u0161eg programa &#8216;Fashion Incubator&#8217; i da nastavimo proces otkrivanja i podr\u0161ke talentovanim&nbsp; kreatorima. Zna\u010dajno je da imamo dugogodi\u0161nju podr\u0161ku ovako va\u017enog partnera kao \u0161to je kompanija Henkel i njihov brend Perwoll, koji nam omogu\u0107avaju da kontinuirano radimo na edukaciji mladih ljudi. Shodno tome, ovo je idealna prilika za sve&nbsp; inovativne mlade talente koji \u017eele da izraze svoju kreativnost kroz savremeno poimanje mode i da svoju profesionalnu karijeru zapo\u010dnu na Belgrade Fashion Weeku&#8220;.<\/p>\n\n\n\n<p><\/p>\n\n\n\n<p>Ovogodi\u0161nji konkurs ima globalno aktuelnu temu &#8216;Rethink Fashion&#8217;, \u0161to pru\u017ea priliku da se istra\u017ee nove ideje i koncepti u svetu mode. Spora moda, koja sve vi\u0161e dobija na va\u017enosti u svetu mode, podrazumeva odr\u017eiv pristup pri dizajniranju, proizvodnji i konzumaciji ode\u0107e, posebno kroz proces recikla\u017ee i redizajna. <\/p>\n\n\n\n<p><\/p>\n\n\n\n<p>&#8222;U ime kompanije Henkel Srbija pre svega \u017eelim da zahvalim svim u\u010desnicima na izvanrednom radu koji \u0107e sigurno doprineti \u0161irenju svesti o odr\u017eivoj modi. Pokazali ste neverovatan talenat i verujem da \u0107e svako od vas prona\u0107i svoje mesto u modnoj industriji. Kao kompanija se uvek&nbsp; zala\u017eemo da ono \u0161to radimo bude i dru\u0161tveno odgovorno sa \u017eeljom da doprinesemo za\u0161titi \u017eivotne sredine. Hvala \u0161to ste deo na\u0161e kampanje pod nazivom &#8216;Rethink Fashion&#8217; koja povezuje etiku i estetiku&#8220;, izjavila je Milica \u0160ljivan\u010danin, direktor marketinga HCB sektora u kompaniji Henkel Srbija.<\/p>\n\n\n\n<p><\/p>\n\n\n\n<p>&#8222;Izuzetno smo ponosni na \u010dinjenicu da je na\u0161 brend Perwoll oti\u0161ao korak dalje, te da u saradnji sa Belgrade Fashion Weekom, a kroz projekat &#8216;Fashion Incubator&#8217; podr\u017eavamo mlade talente da izraze svoju kreativnost upravo kroz savremeno poimanje mode. Kao brend koji voli modu, Perwoll nastoji da sa\u010duva sve njene va\u017ene vrednosti &#8211; od pravilne nege ode\u0107e uz koju ona traje du\u017ee, do kampanje kojom pozivamo&nbsp; na racionalno kori\u0161\u0107enje garderobe i odr\u017eivo pona\u0161anje potro\u0161a\u010da. Kroz Perwoll #RethinkFashion kampanju, ohrabrujemo perspektivu mode koja je odgovorna prema dru\u0161tvu i \u017eivotnoj sredini. Hvala \u0161to ste deo ove izuzetno va\u017ene teme, i \u0161to ste kroz svoje kreacije pokazali veliko ume\u0107e i kreativnost, kandidatima koji su pro\u0161li u slede\u0107i krug \u017eelim mnogo sre\u0107e u slede\u0107oj fazi i u radu sa izvrsnim mentorima&#8220;, istakao je David Micanovi\u0107, mla\u0111i brend menad\u017eer u kompaniji Henkel Srbija. <\/p>\n\n\n\n<p><\/p>\n\n\n\n<p>Odabrani kandidati \u0107e tokom septembra i oktobra sara\u0111ivati sa svojim mentorima na izradi prvog modela koji \u0107e predstaviti na jesenjoj nedelji mode u novembru. Tri najbolja kandidata, prema izboru \u017eirija, odr\u017ea\u0107e reviju svojih modela na prole\u0107noj BFW u 2024. godini.<\/p>\n","protected":false},"excerpt":{"rendered":"<p>20. IX 2023. | Belgrade Fashion Week je u maju mesecu raspisao konkurs &#8216;Fashion Incubator by Perwoll&#8217; za mlade dizajnere, diplomce i studente mode iz Srbije i ex-YU regiona. Konkurs je organizovan u okviru Beogradske nedelje mode, a finalisti \u0107e imati priliku da predstave svoje radove na predstoje\u0107oj reviji u novembru. Veliki broj kandidata poslao [&hellip;]<\/p>\n","protected":false},"author":1,"featured_media":31509,"comment_status":"closed","ping_status":"open","sticky":false,"template":"","format":"standard","meta":{"pgc_sgb_lightbox_settings":""},"categories":[48],"tags":[1044,1043,1045],"_links":{"self":[{"href":"http:\/\/progressivemagazin.rs\/online\/wp-json\/wp\/v2\/posts\/31508"}],"collection":[{"href":"http:\/\/progressivemagazin.rs\/online\/wp-json\/wp\/v2\/posts"}],"about":[{"href":"http:\/\/progressivemagazin.rs\/online\/wp-json\/wp\/v2\/types\/post"}],"author":[{"embeddable":true,"href":"http:\/\/progressivemagazin.rs\/online\/wp-json\/wp\/v2\/users\/1"}],"replies":[{"embeddable":true,"href":"http:\/\/progressivemagazin.rs\/online\/wp-json\/wp\/v2\/comments?post=31508"}],"version-history":[{"count":2,"href":"http:\/\/progressivemagazin.rs\/online\/wp-json\/wp\/v2\/posts\/31508\/revisions"}],"predecessor-version":[{"id":31511,"href":"http:\/\/progressivemagazin.rs\/online\/wp-json\/wp\/v2\/posts\/31508\/revisions\/31511"}],"wp:featuredmedia":[{"embeddable":true,"href":"http:\/\/progressivemagazin.rs\/online\/wp-json\/wp\/v2\/media\/31509"}],"wp:attachment":[{"href":"http:\/\/progressivemagazin.rs\/online\/wp-json\/wp\/v2\/media?parent=31508"}],"wp:term":[{"taxonomy":"category","embeddable":true,"href":"http:\/\/progressivemagazin.rs\/online\/wp-json\/wp\/v2\/categories?post=31508"},{"taxonomy":"post_tag","embeddable":true,"href":"http:\/\/progressivemagazin.rs\/online\/wp-json\/wp\/v2\/tags?post=31508"}],"curies":[{"name":"wp","href":"https:\/\/api.w.org\/{rel}","templated":true}]}}