{"id":31486,"date":"2023-09-18T14:46:34","date_gmt":"2023-09-18T13:46:34","guid":{"rendered":"http:\/\/progressivemagazin.rs\/online\/?p=31486"},"modified":"2023-09-18T14:46:34","modified_gmt":"2023-09-18T13:46:34","slug":"imlek-sponzor-decjeg-festivala-na-oplencu-trecu-godinu-za-redom","status":"publish","type":"post","link":"http:\/\/progressivemagazin.rs\/online\/imlek-sponzor-decjeg-festivala-na-oplencu-trecu-godinu-za-redom\/","title":{"rendered":"IMLEK SPONZOR DE\u010cJEG FESTIVALA NA OPLENCU TRE\u0106U GODINU ZA REDOM"},"content":{"rendered":"<div class=\"wp-block-image\">\n<figure class=\"aligncenter size-full\"><img decoding=\"async\" loading=\"lazy\" width=\"400\" height=\"340\" src=\"http:\/\/progressivemagazin.rs\/online\/wp-content\/uploads\/2023\/09\/18923-festival-oplenac.jpg\" alt=\"\" class=\"wp-image-31487\" srcset=\"http:\/\/progressivemagazin.rs\/online\/wp-content\/uploads\/2023\/09\/18923-festival-oplenac.jpg 400w, http:\/\/progressivemagazin.rs\/online\/wp-content\/uploads\/2023\/09\/18923-festival-oplenac-300x255.jpg 300w\" sizes=\"(max-width: 400px) 100vw, 400px\" \/><figcaption class=\"wp-element-caption\">Autor fotografija: United Moment agencija<\/figcaption><\/figure><\/div>\n\n\n<p><\/p>\n\n\n\n<p><\/p>\n\n\n\n<p><strong>18. IX 2023 |<\/strong>\u00a0Oplenac je\u00a0 tradicionalno i ove godine, 17. septembra, bio doma\u0107in rado pose\u0107enog De\u010djeg festivala koji promovi\u0161e kulturu, zabavu i obrazovanje dece, stvaraju\u0107i pozitivno okru\u017eenje i podsti\u010du\u0107i zdravu zajednicu.<\/p>\n\n\n\n<p>Ovo je \u0161esti festival po redu i jedan je od najva\u017enijih kulturno-zabavnih doga\u0111aja za decu u na\u0161em regionu, a kompanija Imlek, ponosno je nastavila tradiciju podr\u0161ke ovom nezaboravnom iskustvu za mali\u0161ane i njihove porodice. De\u010dji festival na Oplencu nudio je bogat i raznovrstan program koji je obuhvatio&nbsp; pozori\u0161ne predstave, kreativne radionice, interaktivne igre i mnoge druge aktivnosti prilago\u0111ene uzrastima najmla\u0111ih posetilaca. Svaki trenutak bio je ispunjen \u010darolijom i uzbu\u0111enjem, stvaraju\u0107i nezaboravan dan za decu svih uzrasta, a ove godine, kompanija Imlek je za najmla\u0111e pored poklona, spremila Moja Kravica D3 mleko, proizvod koji je posebno oboga\u0107en vitaminom D3 kako bi podr\u017eao rast i razvoj dece.<\/p>\n\n\n\n<p>Ove godine, Imlek je pored omiljenih proizvoda obezbedio poseban prostor na festivalu koji je bio&nbsp; namenjen najmla\u0111ima, sa ciljem da stvori prijatan i siguran ambijent u kojem su mali\u0161ani mogli da razvijaju svoje talente i ve\u0161tine. U kreativnom kutku, deca su imala&nbsp; priliku da se izraze kroz crtanje, bojenje i u\u010destvuju u zabavnoj igri memorije.<\/p>\n\n\n\n<p>\u201eVeliko nam je zadovoljstvo \u0161to smo imali priliku da podr\u017eimo De\u010diji festival na Oplencu, doga\u0111aj koji donosi radost i osmeh na\u0161im najmla\u0111im sugra\u0111anima. Kompanija Imlek tradicionalno pru\u017ea podr\u0161ku manifestacijama u okviru koje deca imaju priliku da iska\u017eu svoj talenat kroz umetnost, kulturu i sport, a na\u0161i proizvodi idealan su saveznik na tom putu. Izuzetno smo sre\u0107ni \u0161to smo imali priliku da stvaramo najlep\u0161e uspomene sa svim posetiocima De\u010dijeg festivala na Oplencu\u201c, izjavio je Jovan Bugar\u010di\u0107, direktor marketinga kompanije Imlek.<\/p>\n","protected":false},"excerpt":{"rendered":"<p>18. IX 2023 |\u00a0Oplenac je\u00a0 tradicionalno i ove godine, 17. septembra, bio doma\u0107in rado pose\u0107enog De\u010djeg festivala koji promovi\u0161e kulturu, zabavu i obrazovanje dece, stvaraju\u0107i pozitivno okru\u017eenje i podsti\u010du\u0107i zdravu zajednicu. Ovo je \u0161esti festival po redu i jedan je od najva\u017enijih kulturno-zabavnih doga\u0111aja za decu u na\u0161em regionu, a kompanija Imlek, ponosno je nastavila [&hellip;]<\/p>\n","protected":false},"author":1,"featured_media":31487,"comment_status":"closed","ping_status":"open","sticky":false,"template":"","format":"standard","meta":{"pgc_sgb_lightbox_settings":""},"categories":[48,1],"tags":[],"_links":{"self":[{"href":"http:\/\/progressivemagazin.rs\/online\/wp-json\/wp\/v2\/posts\/31486"}],"collection":[{"href":"http:\/\/progressivemagazin.rs\/online\/wp-json\/wp\/v2\/posts"}],"about":[{"href":"http:\/\/progressivemagazin.rs\/online\/wp-json\/wp\/v2\/types\/post"}],"author":[{"embeddable":true,"href":"http:\/\/progressivemagazin.rs\/online\/wp-json\/wp\/v2\/users\/1"}],"replies":[{"embeddable":true,"href":"http:\/\/progressivemagazin.rs\/online\/wp-json\/wp\/v2\/comments?post=31486"}],"version-history":[{"count":1,"href":"http:\/\/progressivemagazin.rs\/online\/wp-json\/wp\/v2\/posts\/31486\/revisions"}],"predecessor-version":[{"id":31488,"href":"http:\/\/progressivemagazin.rs\/online\/wp-json\/wp\/v2\/posts\/31486\/revisions\/31488"}],"wp:featuredmedia":[{"embeddable":true,"href":"http:\/\/progressivemagazin.rs\/online\/wp-json\/wp\/v2\/media\/31487"}],"wp:attachment":[{"href":"http:\/\/progressivemagazin.rs\/online\/wp-json\/wp\/v2\/media?parent=31486"}],"wp:term":[{"taxonomy":"category","embeddable":true,"href":"http:\/\/progressivemagazin.rs\/online\/wp-json\/wp\/v2\/categories?post=31486"},{"taxonomy":"post_tag","embeddable":true,"href":"http:\/\/progressivemagazin.rs\/online\/wp-json\/wp\/v2\/tags?post=31486"}],"curies":[{"name":"wp","href":"https:\/\/api.w.org\/{rel}","templated":true}]}}