{"id":31437,"date":"2023-09-11T12:31:19","date_gmt":"2023-09-11T11:31:19","guid":{"rendered":"http:\/\/progressivemagazin.rs\/online\/?p=31437"},"modified":"2023-09-11T12:31:19","modified_gmt":"2023-09-11T11:31:19","slug":"imlek-i-nektar-podrzali-trecu-po-redu-manifestaciju-dani-porodice-u-perlezu","status":"publish","type":"post","link":"http:\/\/progressivemagazin.rs\/online\/imlek-i-nektar-podrzali-trecu-po-redu-manifestaciju-dani-porodice-u-perlezu\/","title":{"rendered":"IMLEK I NEKTAR PODR\u017dALI TRE\u0106U PO REDU MANIFESTACIJU \u2019DANI PORODICE\u2019 U PERLEZU"},"content":{"rendered":"\n<p><\/p>\n\n\n<div class=\"wp-block-image\">\n<figure class=\"aligncenter size-full\"><img decoding=\"async\" loading=\"lazy\" width=\"400\" height=\"339\" src=\"http:\/\/progressivemagazin.rs\/online\/wp-content\/uploads\/2023\/09\/119923-Dani-porodice-u-Perlezu-01.jpg\" alt=\"\" class=\"wp-image-31438\" srcset=\"http:\/\/progressivemagazin.rs\/online\/wp-content\/uploads\/2023\/09\/119923-Dani-porodice-u-Perlezu-01.jpg 400w, http:\/\/progressivemagazin.rs\/online\/wp-content\/uploads\/2023\/09\/119923-Dani-porodice-u-Perlezu-01-300x254.jpg 300w\" sizes=\"(max-width: 400px) 100vw, 400px\" \/><figcaption class=\"wp-element-caption\">Foto: Imlek<\/figcaption><\/figure><\/div>\n\n\n<p><\/p>\n\n\n\n<p><\/p>\n\n\n\n<p><strong>11. IX 2023 |<\/strong>\u00a0Manifestacija \u2019Dani porodice\u2019 odr\u017eana je tre\u0107i put po redu, 9. i 10. septembra u Perlezu, s ciljem promovisanja lepote porodice i porodi\u010dnog \u017eivota. Svi gosti i posetioci imali su\u00a0 prilike da se zabave uz igru i dru\u017eenje, dok je za najmla\u0111e organizovan bogat program. Kompanije Imlek i Nektar su podr\u017eale manifestaciju i time omogu\u0107ile\u00a0 u\u017eivanje u sokovima i \u010dokoladnom mleku.<\/p>\n\n\n\n<p>Pod pokroviteljstvom Ministarstva za brigu o porodici i demografiju i Grada Zrenjanina, 9. septembra s po\u010detkom u 17h, sve\u010dano je zapo\u010deo dvodnevni kulturno-zabavni i de\u010diji program, a pored prostora na \u0161etali\u0161tu pored Begeja, jedan segment manifestacije odr\u017eao se u nedavno otvorenoj Kulturnoj stanici Ba\u0161tinar mlin, u centru Perleza.<\/p>\n\n\n\n<p>Imlek i Nektar su oduvek bili posve\u0107eni podr\u0161ci zajednici i inicijativama koje promovi\u0161u porodi\u010dne vrednosti. Ova manifestacija pru\u017ea savr\u0161enu priliku da se istakne va\u017enost porodice kao temelja dru\u0161tva i da se podstakne zajedni\u010dko provo\u0111enje vremena unutar porodi\u010dnog okru\u017eenja.<\/p>\n\n\n\n<p>\u201eKompanija Imlek sada ve\u0107 tradicionalno podr\u017eava inicijative koje promovi\u0161u porodi\u010dne vrednosti. Porodica je temelj na\u0161eg dru\u0161tva, i mi iz kompanije smo ponosni \u0161to smo doprineli stvaranju posebnih trenutaka za porodice proteklog&nbsp; vikenda u Perlezu. &#8216;Dani porodice&#8217; je prilika da se ljudi okupe, provedu kvalitetno vreme zajedno i osve\u017ee \u010dokoladnim mlekom koje ve\u0107 godinama deo njihovih \u017eivota\u201d, izjavio je Jovan Bugar\u010di\u0107, direktor marketinga kompanije Imlek.<\/p>\n\n\n\n<p>Manifestacija \u201eDani porodice\u201c tradicionalno se odr\u017eavaju od 2021. godine.<\/p>\n","protected":false},"excerpt":{"rendered":"<p>11. IX 2023 |\u00a0Manifestacija \u2019Dani porodice\u2019 odr\u017eana je tre\u0107i put po redu, 9. i 10. septembra u Perlezu, s ciljem promovisanja lepote porodice i porodi\u010dnog \u017eivota. Svi gosti i posetioci imali su\u00a0 prilike da se zabave uz igru i dru\u017eenje, dok je za najmla\u0111e organizovan bogat program. Kompanije Imlek i Nektar su podr\u017eale manifestaciju i [&hellip;]<\/p>\n","protected":false},"author":1,"featured_media":31438,"comment_status":"closed","ping_status":"open","sticky":false,"template":"","format":"standard","meta":{"pgc_sgb_lightbox_settings":""},"categories":[48,1],"tags":[],"_links":{"self":[{"href":"http:\/\/progressivemagazin.rs\/online\/wp-json\/wp\/v2\/posts\/31437"}],"collection":[{"href":"http:\/\/progressivemagazin.rs\/online\/wp-json\/wp\/v2\/posts"}],"about":[{"href":"http:\/\/progressivemagazin.rs\/online\/wp-json\/wp\/v2\/types\/post"}],"author":[{"embeddable":true,"href":"http:\/\/progressivemagazin.rs\/online\/wp-json\/wp\/v2\/users\/1"}],"replies":[{"embeddable":true,"href":"http:\/\/progressivemagazin.rs\/online\/wp-json\/wp\/v2\/comments?post=31437"}],"version-history":[{"count":1,"href":"http:\/\/progressivemagazin.rs\/online\/wp-json\/wp\/v2\/posts\/31437\/revisions"}],"predecessor-version":[{"id":31439,"href":"http:\/\/progressivemagazin.rs\/online\/wp-json\/wp\/v2\/posts\/31437\/revisions\/31439"}],"wp:featuredmedia":[{"embeddable":true,"href":"http:\/\/progressivemagazin.rs\/online\/wp-json\/wp\/v2\/media\/31438"}],"wp:attachment":[{"href":"http:\/\/progressivemagazin.rs\/online\/wp-json\/wp\/v2\/media?parent=31437"}],"wp:term":[{"taxonomy":"category","embeddable":true,"href":"http:\/\/progressivemagazin.rs\/online\/wp-json\/wp\/v2\/categories?post=31437"},{"taxonomy":"post_tag","embeddable":true,"href":"http:\/\/progressivemagazin.rs\/online\/wp-json\/wp\/v2\/tags?post=31437"}],"curies":[{"name":"wp","href":"https:\/\/api.w.org\/{rel}","templated":true}]}}