{"id":31419,"date":"2023-09-07T12:19:47","date_gmt":"2023-09-07T11:19:47","guid":{"rendered":"http:\/\/progressivemagazin.rs\/online\/?p=31419"},"modified":"2023-09-07T12:19:47","modified_gmt":"2023-09-07T11:19:47","slug":"imlek-obradovao-dake-prvake","status":"publish","type":"post","link":"http:\/\/progressivemagazin.rs\/online\/imlek-obradovao-dake-prvake\/","title":{"rendered":"IMLEK OBRADOVAO \u0110AKE PRVAKE"},"content":{"rendered":"<div class=\"wp-block-image\">\n<figure class=\"aligncenter size-full\"><img decoding=\"async\" loading=\"lazy\" width=\"400\" height=\"340\" src=\"http:\/\/progressivemagazin.rs\/online\/wp-content\/uploads\/2023\/09\/7923-Imlekova-donacija-povodom-po_etka-_kosle-godine.jpg\" alt=\"\" class=\"wp-image-31420\" srcset=\"http:\/\/progressivemagazin.rs\/online\/wp-content\/uploads\/2023\/09\/7923-Imlekova-donacija-povodom-po_etka-_kosle-godine.jpg 400w, http:\/\/progressivemagazin.rs\/online\/wp-content\/uploads\/2023\/09\/7923-Imlekova-donacija-povodom-po_etka-_kosle-godine-300x255.jpg 300w\" sizes=\"(max-width: 400px) 100vw, 400px\" \/><figcaption class=\"wp-element-caption\">foto: Uro\u0161 Paji\u0107<\/figcaption><\/figure><\/div>\n\n\n<p><\/p>\n\n\n\n<p><strong>07. IX 2023 |<\/strong>\u00a0Povodom po\u010detka \u0161kolske godine, kompanija Imlek, tradicionalno je donirala mle\u010dne proizvode i \u0161kolski pribor ustanovama za nezbrinutu decu \u0161irom Srbije.<\/p>\n\n\n\n<p>U skladu sa vrednostima koje neguje, Imlek redovno upu\u0107uje donacije razli\u010ditim centrima i ustanovama za nezbrinutu decu, poput Centra za za\u0161titu odoj\u010dadi, dece i omladine u Zve\u010danskoj, Centru za integraciju mladih Svrati\u0161te, Prihvatili\u0161tu za decu Beograda, kao i SOS De\u010dijem selu u Sremskoj Kamenici i SOS De\u010dijem selu u Kraljevu, Kolevki u Subotici, Domu P\u010delica u Ni\u0161u, Domu za decu Jefimija u Kru\u0161evcu i mnogim drugim.<\/p>\n\n\n\n<p>Prve dane \u0111a\u010dkog doba, prvaci su proveli u dru\u017eenju sa predstavnicima kompanije, koji su im po\u017eeleli sre\u0107an polazak u \u0161kolu, mnogo lepih uspomena iz \u0161kolskih klupa, kojih \u0107e se se\u0107ati \u010ditavog \u017eivota. Pored Moja Kravica svezaka i bojica, mali\u0161ani su u\u017eivali u omiljenom mle\u010dnom napitku Moja Kravica \u010dokoladnom mleku. Kompanija pored obele\u017eavanja po\u010detka \u0161kolske godine, tradicionalno donira svoje proizvode i povodom Svetskog dana mleka, uskr\u0161njih i bo\u017ei\u0107nih praznika, Svetskog \u0161kolskog dana mleka i Svetskog dana deteta.<\/p>\n\n\n\n<p>\u201eKompanija Imlek dosledna je svojoj tradiciji da inicira i poma\u017ee razli\u010dite dru\u0161tveno odgovorne aktivnosti koje \u0107e najmla\u0111ima obezbediti sre\u0107nije i zdravije odrastanje. Ovo je samo jedna u nizu akcija koje kontinuirano sprovodimo i raduje nas \u0161to mo\u017eemo doprineti sre\u0107nijem odrastanju dece, posebno u vreme po\u010detka \u0161kolske godine. Imlek \u0107e i dalje ostati pouzdan partner zajednici i nastavi\u0107emo da se trudimo da svako dete ima priliku da raste i razvija se uz mle\u010dne proizvode\u201c, izjavio je Jovan Bugar\u010di\u0107, direktor marketinga kompanije Imlek.<\/p>\n","protected":false},"excerpt":{"rendered":"<p>07. IX 2023 |\u00a0Povodom po\u010detka \u0161kolske godine, kompanija Imlek, tradicionalno je donirala mle\u010dne proizvode i \u0161kolski pribor ustanovama za nezbrinutu decu \u0161irom Srbije. U skladu sa vrednostima koje neguje, Imlek redovno upu\u0107uje donacije razli\u010ditim centrima i ustanovama za nezbrinutu decu, poput Centra za za\u0161titu odoj\u010dadi, dece i omladine u Zve\u010danskoj, Centru za integraciju mladih Svrati\u0161te, [&hellip;]<\/p>\n","protected":false},"author":1,"featured_media":31420,"comment_status":"closed","ping_status":"open","sticky":false,"template":"","format":"standard","meta":{"pgc_sgb_lightbox_settings":""},"categories":[48,1],"tags":[],"_links":{"self":[{"href":"http:\/\/progressivemagazin.rs\/online\/wp-json\/wp\/v2\/posts\/31419"}],"collection":[{"href":"http:\/\/progressivemagazin.rs\/online\/wp-json\/wp\/v2\/posts"}],"about":[{"href":"http:\/\/progressivemagazin.rs\/online\/wp-json\/wp\/v2\/types\/post"}],"author":[{"embeddable":true,"href":"http:\/\/progressivemagazin.rs\/online\/wp-json\/wp\/v2\/users\/1"}],"replies":[{"embeddable":true,"href":"http:\/\/progressivemagazin.rs\/online\/wp-json\/wp\/v2\/comments?post=31419"}],"version-history":[{"count":1,"href":"http:\/\/progressivemagazin.rs\/online\/wp-json\/wp\/v2\/posts\/31419\/revisions"}],"predecessor-version":[{"id":31421,"href":"http:\/\/progressivemagazin.rs\/online\/wp-json\/wp\/v2\/posts\/31419\/revisions\/31421"}],"wp:featuredmedia":[{"embeddable":true,"href":"http:\/\/progressivemagazin.rs\/online\/wp-json\/wp\/v2\/media\/31420"}],"wp:attachment":[{"href":"http:\/\/progressivemagazin.rs\/online\/wp-json\/wp\/v2\/media?parent=31419"}],"wp:term":[{"taxonomy":"category","embeddable":true,"href":"http:\/\/progressivemagazin.rs\/online\/wp-json\/wp\/v2\/categories?post=31419"},{"taxonomy":"post_tag","embeddable":true,"href":"http:\/\/progressivemagazin.rs\/online\/wp-json\/wp\/v2\/tags?post=31419"}],"curies":[{"name":"wp","href":"https:\/\/api.w.org\/{rel}","templated":true}]}}