{"id":30938,"date":"2023-06-27T14:57:19","date_gmt":"2023-06-27T13:57:19","guid":{"rendered":"https:\/\/progressivemagazin.rs\/online\/?p=30938"},"modified":"2023-06-27T14:58:27","modified_gmt":"2023-06-27T13:58:27","slug":"osobe-sa-invaliditetom-blokirale-parking-lidla","status":"publish","type":"post","link":"http:\/\/progressivemagazin.rs\/online\/osobe-sa-invaliditetom-blokirale-parking-lidla\/","title":{"rendered":"OSOBE SA INVALIDITETOM &#8216;BLOKIRALE&#8217; PARKING LIDLA"},"content":{"rendered":"<div class=\"wp-block-image\">\n<figure class=\"aligncenter size-full is-resized\"><img decoding=\"async\" loading=\"lazy\" src=\"http:\/\/progressivemagazin.rs\/online\/wp-content\/uploads\/2023\/06\/2762023-lidl.jpg\" alt=\"\" class=\"wp-image-30939\" width=\"619\" height=\"619\" srcset=\"http:\/\/progressivemagazin.rs\/online\/wp-content\/uploads\/2023\/06\/2762023-lidl.jpg 1000w, http:\/\/progressivemagazin.rs\/online\/wp-content\/uploads\/2023\/06\/2762023-lidl-300x300.jpg 300w, http:\/\/progressivemagazin.rs\/online\/wp-content\/uploads\/2023\/06\/2762023-lidl-150x150.jpg 150w, http:\/\/progressivemagazin.rs\/online\/wp-content\/uploads\/2023\/06\/2762023-lidl-768x768.jpg 768w\" sizes=\"(max-width: 619px) 100vw, 619px\" \/><\/figure><\/div>\n\n\n<p><strong>27. VI 2023 |<\/strong> Na poziv kompanije Lidl Srbija i na nekoliko sati, oko 20 osoba sa invaliditetom &#8216;blokiralo&#8217; je parking ispred jedne Lidl prodavnice u Beogradu. Aktivnost koja je svakako skrenula pa\u017enju prolaznika je za cilj imala promociju nastavka kampanje &#8216;Ho\u0107e\u0161 da menjamo mesta? Pomeri se s mesta!&#8217; koju kompanija Lidl Srbija sprovodi sa Nacionalnom organizacijom osoba sa invaliditetom (NOOIS). Lidl i NOOIS ovim gestom jo\u0161 jednom su pozvali nesavesne i bahate voza\u010de koji se parkiraju na jasno obele\u017eenim mestima za osobe sa invaliditetom da razmisle o svojim postupcima i ose\u0107aju koji izaziva &#8216;nepravedno zauzeto&#8217; parking mesto.<\/p>\n\n\n\n<p>Mesta na parkingu bila su zauzeta od strane osoba sa invaliditetom i simboli\u010dno postavljenim invalidskim kolicima, a da ose\u0107aj i iskustvo nisu prijatni potvrdili bi svi voza\u010di koji bi jutros u Beogradu na parkingu Lidl prodavnice u Vojvo\u0111anskoj ulici uzaludno poku\u0161ali da parkiraju svoj auto. Tako je &#8216;Ho\u0107e\u0161 da menjamo mesta?&#8217;, deo slogana kampanje kompanije Lidl, dobio pravu prakti\u010dnu dimenziju i potro\u0161a\u010de, ali i sve voza\u010de jo\u0161 jednom podsetio na zna\u010daj podizanja svesti o pravima i potrebama osoba sa invaliditetom i po\u0161tovanju pravila OSI parking mesta.<\/p>\n\n\n\n<p>Mesta za osobe sa invaliditetom obele\u017eena \u017eutom bojom umnogome olak\u0161avaju funkcionisanje i parkiranje osobama sa invaliditetom, pre svega zbog \u0161irine mesta i blizine ulazu. Bahato parkiranje na ovim mestima i njihovo zauzimanje od strane osoba kojima nisu neophodna, predstavlja samo jo\u0161 jednu u nizu svakodnevnih prepreka za osobe sa invaliditetom.<\/p>\n\n\n\n<p>Projekat &#8216;Ho\u0107e\u0161 da menjamo mesta? Pomeri se s mesta!&#8217; kompanija Lidl Srbija sa partnerskim organizacijama sprovodi ve\u0107 drugu godinu zaredom, a od po\u010detka juna Lidl dodatno obele\u017eava parking mesta ispred svojih prodavnica, ostavlja poruke nesavesno parkiranim voza\u010dima i sprovodi aktivnosti u nadi da \u0107e sa saradnicima i organizacijama zajedni\u010dkim snagama uspeti da podigne svest voza\u010da o zna\u010daju adekvatnog parkiranja i posledicama koje bahato parkiranje ima na osobe sa invaliditetom.<\/p>\n","protected":false},"excerpt":{"rendered":"<p>27. VI 2023 | Na poziv kompanije Lidl Srbija i na nekoliko sati, oko 20 osoba sa invaliditetom &#8216;blokiralo&#8217; je parking ispred jedne Lidl prodavnice u Beogradu. Aktivnost koja je svakako skrenula pa\u017enju prolaznika je za cilj imala promociju nastavka kampanje &#8216;Ho\u0107e\u0161 da menjamo mesta? Pomeri se s mesta!&#8217; koju kompanija Lidl Srbija sprovodi sa [&hellip;]<\/p>\n","protected":false},"author":1,"featured_media":30939,"comment_status":"closed","ping_status":"open","sticky":false,"template":"","format":"standard","meta":{"pgc_sgb_lightbox_settings":""},"categories":[48],"tags":[],"_links":{"self":[{"href":"http:\/\/progressivemagazin.rs\/online\/wp-json\/wp\/v2\/posts\/30938"}],"collection":[{"href":"http:\/\/progressivemagazin.rs\/online\/wp-json\/wp\/v2\/posts"}],"about":[{"href":"http:\/\/progressivemagazin.rs\/online\/wp-json\/wp\/v2\/types\/post"}],"author":[{"embeddable":true,"href":"http:\/\/progressivemagazin.rs\/online\/wp-json\/wp\/v2\/users\/1"}],"replies":[{"embeddable":true,"href":"http:\/\/progressivemagazin.rs\/online\/wp-json\/wp\/v2\/comments?post=30938"}],"version-history":[{"count":3,"href":"http:\/\/progressivemagazin.rs\/online\/wp-json\/wp\/v2\/posts\/30938\/revisions"}],"predecessor-version":[{"id":30942,"href":"http:\/\/progressivemagazin.rs\/online\/wp-json\/wp\/v2\/posts\/30938\/revisions\/30942"}],"wp:featuredmedia":[{"embeddable":true,"href":"http:\/\/progressivemagazin.rs\/online\/wp-json\/wp\/v2\/media\/30939"}],"wp:attachment":[{"href":"http:\/\/progressivemagazin.rs\/online\/wp-json\/wp\/v2\/media?parent=30938"}],"wp:term":[{"taxonomy":"category","embeddable":true,"href":"http:\/\/progressivemagazin.rs\/online\/wp-json\/wp\/v2\/categories?post=30938"},{"taxonomy":"post_tag","embeddable":true,"href":"http:\/\/progressivemagazin.rs\/online\/wp-json\/wp\/v2\/tags?post=30938"}],"curies":[{"name":"wp","href":"https:\/\/api.w.org\/{rel}","templated":true}]}}