{"id":30160,"date":"2023-04-13T12:22:12","date_gmt":"2023-04-13T11:22:12","guid":{"rendered":"https:\/\/progressivemagazin.rs\/online\/?p=30160"},"modified":"2023-04-13T12:22:43","modified_gmt":"2023-04-13T11:22:43","slug":"uskrsnja-donacija-imlek-snabdeva-ustanove-za-nezbrinutu-decu","status":"publish","type":"post","link":"http:\/\/progressivemagazin.rs\/online\/uskrsnja-donacija-imlek-snabdeva-ustanove-za-nezbrinutu-decu\/","title":{"rendered":"USKR\u0160NJA DONACIJA: Imlek snabdeva ustanove za nezbrinutu decu"},"content":{"rendered":"\n<figure class=\"is-layout-flex wp-block-gallery-1 wp-block-gallery has-nested-images columns-default is-cropped\">\n<figure class=\"wp-block-image size-large\"><img decoding=\"async\" loading=\"lazy\" width=\"1000\" height=\"525\" data-id=\"30161\"  src=\"https:\/\/progressivemagazin.rs\/online\/wp-content\/uploads\/2023\/04\/230413__Imlek-jaja.jpg\" alt=\"\" class=\"wp-image-30161\" srcset=\"http:\/\/progressivemagazin.rs\/online\/wp-content\/uploads\/2023\/04\/230413__Imlek-jaja.jpg 1000w, http:\/\/progressivemagazin.rs\/online\/wp-content\/uploads\/2023\/04\/230413__Imlek-jaja-300x158.jpg 300w, http:\/\/progressivemagazin.rs\/online\/wp-content\/uploads\/2023\/04\/230413__Imlek-jaja-768x403.jpg 768w\" sizes=\"(max-width: 1000px) 100vw, 1000px\" \/><\/figure>\n<\/figure>\n\n\n\n<p><br><strong>13. IV 2023 | <\/strong>Kompanija Imlek nastavlja svoju dugogodi\u0161nju tradiciju pru\u017eanja podr\u0161ke zajednici u kojoj posluje, a naro\u010dito deci koja \u017eive u ustanovama bez roditeljskog staranja. U skladu s tim, ovog Uskrsa kompanija je donirala 400 litara Moja Kravica mleka \u0161ti\u0107enicima SOS De\u010dijeg sela u Sremskoj Kamenici i uz tradicionalno kucanje jajima specijalno oslikanim Moja Kravica motivima ulep\u0161ala deci uskr\u0161nje praznike.<\/p>\n\n\n\n<p>Ova donacija je samo prvi korak u dugom nizu humanitarnih akcija koje \u0107e kompanija Imlek sprovesti u narednom periodu. Kako bi pomogla ustanovama \u0161irom Srbije koje brinu o deci, kompanija Imlek je najavila donaciju ukupno 20 tona mleka u narednom periodu. <\/p>\n\n\n\n<p>Godinama unazad Imek obele\u017eava va\u017ene datume sa posebnim akcentom na najmla\u0111e, i svoje projekte neretko realizuje uz pomo\u0107 brojnih vladinih i nevladinih organizacija i institucija. U skladu sa svojom misijom podizanja svesti roditelja i dece o zna\u010daju konzumacije mleka i mle\u010dnih proizvoda, Imlek redovno donira mle\u010dne napitke i brojne korisne poklone domovima za decu me\u0111u kojima se posebno izdvaja brend Moja Kravica, kao simbol sigurnosti, detinjstva i za\u0161titni znak porodi\u010dnih vrednosti i tradicije.<\/p>\n\n\n\n<p>&#8222;Sre\u0107ni smo sto smo ba\u0161 na Uskrs u De\u010dijem selu Sremska Kamenica i \u0161to imamo priliku da ga proslavimo zajedno sa mali\u0161anima iz ove ustanove. Kompanija Imlek najvi\u0161e je usmerena na brigu o najmla\u0111ima i ulaganje u njihovo zdravo odrastanje, te su ove vrste aktivnosti klju\u010dne. Tradiciju nastavljamo i ove godine i veliko nam je zadovoljstvo \u0161to smo imali priliku da sa \u0161ti\u0107enicima iz SOS De\u010dijeg sela Sremska Kamenica obele\u017eimo najlep\u0161e uskr\u0161nje obi\u010daje&#8220;, istakla je <a href=\"https:\/\/progressivemagazin.rs\/online\/marija-malovic-imlek\/\" data-type=\"post\" data-id=\"29734\">Marija Malovi\u0107<\/a>, regionalni menad\u017eer komunikacija i korporativnih poslova kompanije Imlek.<\/p>\n\n\n\n<p>Kompanija Imlek redovno upu\u0107uje donacije razli\u010ditim centrima i ustanovama za bolesnu i nezbrinutu decu, poput Centra za za\u0161titu odoj\u010dadi, dece i omladine u Zve\u010danskoj, Centra za integraciju mladih Svrati\u0161te, Prihvatili\u0161ta za decu Beograda, kao i SOS De\u010dijeg sela u Sremskoj Kamenici, Doma za decu ometenu u razvoju &#8216;Kolevka&#8217; u Subotici i Doma P\u010delica u Ni\u0161u. Vode\u0107i se idejom da je de\u010diji osmeh neprocenjiv, kompanija pored obele\u017eavanja uskr\u0161njih praznika tradicionalno donira svoje proizvode povodom po\u010detka \u0161kolske godine, Svetskog dana mleka, bo\u017ei\u0107nih praznika, Svetskog \u0161kolskog dana mleka, Svetskog dana deteta, kao i Me\u0111unarodnog dana porodice.&nbsp;<\/p>\n\n\n\n<p>SOS De\u010dje selo je humanitarna organizacija koja brine o deci bez roditeljskog staranja i pru\u017ea im sigurnost, ljubav i podr\u0161ku za njihov zdrav razvoj, a ova donacija \u0107e omogu\u0107iti deci u Sremskoj Kamenici da u\u017eivaju u ukusnom i hranljivom mleku koje \u0107e im pomo\u0107i u odrastanju i ja\u010danju njihovog zdravlja, nagla\u0161avaju u kompaniji Imlek.<\/p>\n","protected":false},"excerpt":{"rendered":"<p>13. IV 2023 | Kompanija Imlek nastavlja svoju dugogodi\u0161nju tradiciju pru\u017eanja podr\u0161ke zajednici u kojoj posluje, a naro\u010dito deci koja \u017eive u ustanovama bez roditeljskog staranja. U skladu s tim, ovog Uskrsa kompanija je donirala 400 litara Moja Kravica mleka \u0161ti\u0107enicima SOS De\u010dijeg sela u Sremskoj Kamenici i uz tradicionalno kucanje jajima specijalno oslikanim Moja [&hellip;]<\/p>\n","protected":false},"author":1,"featured_media":30161,"comment_status":"closed","ping_status":"open","sticky":false,"template":"","format":"standard","meta":{"pgc_sgb_lightbox_settings":""},"categories":[48],"tags":[279,572,424,200,853],"_links":{"self":[{"href":"http:\/\/progressivemagazin.rs\/online\/wp-json\/wp\/v2\/posts\/30160"}],"collection":[{"href":"http:\/\/progressivemagazin.rs\/online\/wp-json\/wp\/v2\/posts"}],"about":[{"href":"http:\/\/progressivemagazin.rs\/online\/wp-json\/wp\/v2\/types\/post"}],"author":[{"embeddable":true,"href":"http:\/\/progressivemagazin.rs\/online\/wp-json\/wp\/v2\/users\/1"}],"replies":[{"embeddable":true,"href":"http:\/\/progressivemagazin.rs\/online\/wp-json\/wp\/v2\/comments?post=30160"}],"version-history":[{"count":2,"href":"http:\/\/progressivemagazin.rs\/online\/wp-json\/wp\/v2\/posts\/30160\/revisions"}],"predecessor-version":[{"id":30163,"href":"http:\/\/progressivemagazin.rs\/online\/wp-json\/wp\/v2\/posts\/30160\/revisions\/30163"}],"wp:featuredmedia":[{"embeddable":true,"href":"http:\/\/progressivemagazin.rs\/online\/wp-json\/wp\/v2\/media\/30161"}],"wp:attachment":[{"href":"http:\/\/progressivemagazin.rs\/online\/wp-json\/wp\/v2\/media?parent=30160"}],"wp:term":[{"taxonomy":"category","embeddable":true,"href":"http:\/\/progressivemagazin.rs\/online\/wp-json\/wp\/v2\/categories?post=30160"},{"taxonomy":"post_tag","embeddable":true,"href":"http:\/\/progressivemagazin.rs\/online\/wp-json\/wp\/v2\/tags?post=30160"}],"curies":[{"name":"wp","href":"https:\/\/api.w.org\/{rel}","templated":true}]}}