{"id":24730,"date":"2021-06-01T16:34:01","date_gmt":"2021-06-01T15:34:01","guid":{"rendered":"http:\/\/progressivemagazin.rs\/online\/?p=24730"},"modified":"2021-06-02T17:10:31","modified_gmt":"2021-06-02T16:10:31","slug":"gomexovi-menadzeri-poducavali-studente-dani-ekonomskog-fakulteta-u-subotici","status":"publish","type":"post","link":"http:\/\/progressivemagazin.rs\/online\/gomexovi-menadzeri-poducavali-studente-dani-ekonomskog-fakulteta-u-subotici\/","title":{"rendered":"GOMEXOVI MENAD\u017dERI PODU\u010cAVALI STUDENTE: Dani Ekonomskog fakulteta u Subotici"},"content":{"rendered":"<p><strong>1. VI 2021 |<\/strong> \u017divot se polako vra\u0107a u normalu, a pravi dokaz za to su i Dani Ekonomskog fakulteta, koji su odr\u017eani prethodnog vikenda na terenima sportskog centra &#8216;Janko Pejanovi\u0107&#8217; na Pali\u0107u, gde se okupilo oko 250 studenata.<\/p>\n<p>Ovaj doga\u0111aj u trajanju od 3 dana obuhvatio je takmi\u010denja u sportu, a studenti su imali priliku i da \u010duju nekoliko predavanja i tako se upoznaju sa realnim i aktuelnim de\u0161avanjima, kao i primerima poslovanja.<\/p>\n<p>Kompanija Gomex u\u010destvovala je u realizaciji manifestacije kroz zna\u010dajan doprinos iz asortimana svojih proizvoda. Tako\u0111e, kompanija je delegirala dvojicu vo\u0111a kategorija proizvoda koji su studentima odr\u017eali prigodna predavanja na temu promena navika potro\u0161a\u010da pri kupovini, uzrokovanim pandemijom Covid-19 virusa, sa osvrtom na globalnu ekonomsku situaciju i poziciju trgovinskih lanaca u Evropi u proteklih godinu dana. Pre samog predavanja, studentima je ukratko bila predstavljena kompanija i na\u010din poslovanja.<\/p>\n<p>Manifestaciju je otvorio gradona\u010delnik Subotice, Stevan Baki\u0107, podse\u0107aju\u0107i da je Ekonomski fakultet tokom \u0161est decenija postao jedan od simbola grada. Studente je pozdravio i pokrajinski sekretar za sport i omladinu, Dane Basta, koji je istakao da je jedan od priroteta obezbediti podr\u0161ku mladim ljudima sa velikim potencijalom za napredak, dok je pokrajinski sekretar za privredu i turizam, Nenad Ivani\u0161evi\u0107, naglasio da studenti predstavljaju budu\u0107nost privrede i turizma. Za vreme trajanja doga\u0111aja uprili\u010dena su i dru\u017eenja zabavnog karaktera, a u\u010desnici manifestacije su bili sme\u0161teni u Studentskom odmarali\u0161tu na Pali\u0107u.<\/p>\n<p>Cilj kongresa je bilo sticanje prakti\u010dnih znanja i ve\u0161tina u oblasti ekonomije, kao i suo\u010davanje sa razli\u010ditim problemima, izazovima i prevazila\u017eenje istih.<\/p>\n<p>&nbsp;<\/p>\n","protected":false},"excerpt":{"rendered":"<p>1. VI 2021 | \u017divot se polako vra\u0107a u normalu, a pravi dokaz za to su i Dani Ekonomskog fakulteta, koji su odr\u017eani prethodnog vikenda na terenima sportskog centra &#8216;Janko Pejanovi\u0107&#8217; na Pali\u0107u, gde se okupilo oko 250 studenata. Ovaj doga\u0111aj u trajanju od 3 dana obuhvatio je takmi\u010denja u sportu, a studenti su imali [&hellip;]<\/p>\n","protected":false},"author":1,"featured_media":24731,"comment_status":"closed","ping_status":"open","sticky":false,"template":"","format":"standard","meta":{"pgc_sgb_lightbox_settings":""},"categories":[1],"tags":[301,601],"_links":{"self":[{"href":"http:\/\/progressivemagazin.rs\/online\/wp-json\/wp\/v2\/posts\/24730"}],"collection":[{"href":"http:\/\/progressivemagazin.rs\/online\/wp-json\/wp\/v2\/posts"}],"about":[{"href":"http:\/\/progressivemagazin.rs\/online\/wp-json\/wp\/v2\/types\/post"}],"author":[{"embeddable":true,"href":"http:\/\/progressivemagazin.rs\/online\/wp-json\/wp\/v2\/users\/1"}],"replies":[{"embeddable":true,"href":"http:\/\/progressivemagazin.rs\/online\/wp-json\/wp\/v2\/comments?post=24730"}],"version-history":[{"count":1,"href":"http:\/\/progressivemagazin.rs\/online\/wp-json\/wp\/v2\/posts\/24730\/revisions"}],"predecessor-version":[{"id":24732,"href":"http:\/\/progressivemagazin.rs\/online\/wp-json\/wp\/v2\/posts\/24730\/revisions\/24732"}],"wp:featuredmedia":[{"embeddable":true,"href":"http:\/\/progressivemagazin.rs\/online\/wp-json\/wp\/v2\/media\/24731"}],"wp:attachment":[{"href":"http:\/\/progressivemagazin.rs\/online\/wp-json\/wp\/v2\/media?parent=24730"}],"wp:term":[{"taxonomy":"category","embeddable":true,"href":"http:\/\/progressivemagazin.rs\/online\/wp-json\/wp\/v2\/categories?post=24730"},{"taxonomy":"post_tag","embeddable":true,"href":"http:\/\/progressivemagazin.rs\/online\/wp-json\/wp\/v2\/tags?post=24730"}],"curies":[{"name":"wp","href":"https:\/\/api.w.org\/{rel}","templated":true}]}}