{"id":24696,"date":"2021-06-01T14:54:44","date_gmt":"2021-06-01T13:54:44","guid":{"rendered":"http:\/\/progressivemagazin.rs\/online\/?p=24696"},"modified":"2021-06-01T14:54:44","modified_gmt":"2021-06-01T13:54:44","slug":"imunizacija-zaposlenih-prioritet-za-uspesno-poslovanje-i-u-imleku","status":"publish","type":"post","link":"http:\/\/progressivemagazin.rs\/online\/imunizacija-zaposlenih-prioritet-za-uspesno-poslovanje-i-u-imleku\/","title":{"rendered":"IMUNIZACIJA ZAPOSLENIH PRIORITET ZA USPE\u0160NO POSLOVANJE I U IMLEKU"},"content":{"rendered":"<p><strong>01. VI 2021 |<\/strong>\u00a0Predsednik Privredne komore Srbije, Marko \u010cade\u017e, danas je posetio najve\u0107i proizvodni pogon kompanije Imlek, u Padinskoj Skeli, kako bi podstakao vakcinaciju zaposlenih koja se u toj kompaniji sprovodi jo\u0161 od po\u010detka imunizacije u na\u0161oj zemlji. Prilikom obilaska lokacije predsednik PKS uverio se u po\u0161tovanje svih mera u cilju o\u010duvanja zdravlja zaposlenih, dok je u razgovoru sa generalnim direktorom Imleka, Bojanom Radunom, potvr\u0111eno da je odziv zaposlenih u toj kompaniji za vakcinaciju izuzetno visok i da se sama imunizacija privodi kraju. Prilikom posete, u upravnoj zgradi Imleka u Padinskoj Skeli, postavljen je i vakcinalni punkt Instituta za javno zdravlje \u2018Dr Milan Jovanovi\u0107 Batut\u2019 u kojem su svi zaposleni koji jo\u0161 uvek nisu primili vakcinu mogli da izvr\u0161e vakcinaciju.<\/p>\n<p>\u201cPrioritet na\u0161e kompanije od progla\u0161enja pandemije Korona virusa, pre ne\u0161to vi\u0161e od godinu dana, bila je bezbednost i o\u010duvanje zdravlja na\u0161ih zaposlenih. Podsticaj na imunizaciju i vakcinaciju zaposlenih jedna je u nizu preventivnih mera koje smo sproveli u svim na\u0161im proizvodnim pogonima i na svim nivoima. Zdravlje i bezbednost na radu zaposlenih klju\u010dni su za stabilno snabdevanje tr\u017ei\u0161ta na\u0161im proizvodima i neometano poslovanje. Ovom prilikom pohvalio bih i veliko zalaganje predstavnika Privredne komore Srbije zahvaljuju\u0107i kojima smo ve\u0107 na po\u010detku procesa imunizacije bili u mogu\u0107nosti da obezbedimo na\u0161im zaposlenima, ne samo u Srbiji ve\u0107 i u zemljama regiona u kojima imamo proizvodne pogone, mogu\u0107nost da se vakcini\u0161u i na taj na\u010din sa\u010duvaju svoje zdravlje i poka\u017eu odgovornost prema zajednici\u201c, istakao je Bojan Radun, generalni direktor kompanije Imlek.<\/p>\n<p>\u201cIskoristio bih priliku da pohvalim kompaniju Imlek, koja je od po\u010detka insistirala da zaposleni budu za\u0161ti\u0107eni. Zahvalio bih i zaposlenima koji su bili spremni da se vakcini\u0161u, svesni \u0161ta to zna\u010di za o\u010duvanje poslovanja firmi. Od esencijalne je va\u017enosti da nastavimo sa normalnim \u017eivotom i budemo ja\u010di, a Imlek je upravo jedna od kompanija koja je u najte\u017eim vremenima modernizovala proizvodne procese i narasla, ne samo na tr\u017ei\u0161tu Srbije, ve\u0107 i u \u00a0\u010ditavom regionu\u201c, istakao je Marko \u010cade\u017e, predsednik Privredne komore Srbije.<\/p>\n","protected":false},"excerpt":{"rendered":"<p>01. VI 2021 |\u00a0Predsednik Privredne komore Srbije, Marko \u010cade\u017e, danas je posetio najve\u0107i proizvodni pogon kompanije Imlek, u Padinskoj Skeli, kako bi podstakao vakcinaciju zaposlenih koja se u toj kompaniji sprovodi jo\u0161 od po\u010detka imunizacije u na\u0161oj zemlji. Prilikom obilaska lokacije predsednik PKS uverio se u po\u0161tovanje svih mera u cilju o\u010duvanja zdravlja zaposlenih, dok [&hellip;]<\/p>\n","protected":false},"author":1,"featured_media":24697,"comment_status":"closed","ping_status":"open","sticky":false,"template":"","format":"standard","meta":{"pgc_sgb_lightbox_settings":""},"categories":[48,1],"tags":[],"_links":{"self":[{"href":"http:\/\/progressivemagazin.rs\/online\/wp-json\/wp\/v2\/posts\/24696"}],"collection":[{"href":"http:\/\/progressivemagazin.rs\/online\/wp-json\/wp\/v2\/posts"}],"about":[{"href":"http:\/\/progressivemagazin.rs\/online\/wp-json\/wp\/v2\/types\/post"}],"author":[{"embeddable":true,"href":"http:\/\/progressivemagazin.rs\/online\/wp-json\/wp\/v2\/users\/1"}],"replies":[{"embeddable":true,"href":"http:\/\/progressivemagazin.rs\/online\/wp-json\/wp\/v2\/comments?post=24696"}],"version-history":[{"count":1,"href":"http:\/\/progressivemagazin.rs\/online\/wp-json\/wp\/v2\/posts\/24696\/revisions"}],"predecessor-version":[{"id":24698,"href":"http:\/\/progressivemagazin.rs\/online\/wp-json\/wp\/v2\/posts\/24696\/revisions\/24698"}],"wp:featuredmedia":[{"embeddable":true,"href":"http:\/\/progressivemagazin.rs\/online\/wp-json\/wp\/v2\/media\/24697"}],"wp:attachment":[{"href":"http:\/\/progressivemagazin.rs\/online\/wp-json\/wp\/v2\/media?parent=24696"}],"wp:term":[{"taxonomy":"category","embeddable":true,"href":"http:\/\/progressivemagazin.rs\/online\/wp-json\/wp\/v2\/categories?post=24696"},{"taxonomy":"post_tag","embeddable":true,"href":"http:\/\/progressivemagazin.rs\/online\/wp-json\/wp\/v2\/tags?post=24696"}],"curies":[{"name":"wp","href":"https:\/\/api.w.org\/{rel}","templated":true}]}}