{"id":24523,"date":"2021-05-20T11:20:09","date_gmt":"2021-05-20T10:20:09","guid":{"rendered":"http:\/\/progressivemagazin.rs\/online\/?p=24523"},"modified":"2021-05-21T11:34:11","modified_gmt":"2021-05-21T10:34:11","slug":"otvoreno-vise-od-100-radnih-mesta-velika-ponuda-kompanije-mercator-s-na-sajmu-zaposljavanja","status":"publish","type":"post","link":"http:\/\/progressivemagazin.rs\/online\/otvoreno-vise-od-100-radnih-mesta-velika-ponuda-kompanije-mercator-s-na-sajmu-zaposljavanja\/","title":{"rendered":"OTVORENO VI\u0160E OD 100 RADNIH MESTA: Velika ponuda kompanije Mercator-S na sajmu zapo\u0161ljavanja"},"content":{"rendered":"<p><strong>20. V 2021 |<\/strong> Na prvom virtuelnom sajmu zapo\u0161ljavanja, koji je otvoren ju\u010de u 16 \u010dasova, a koji organizuje Nacionalna slu\u017eba za zapo\u0161ljavanje, me\u0111u 70 drugih kompanija predstavljen je i Mercator-S, koji trenutno ima vi\u0161e od 100 otvorenih radnih mesta.<\/p>\n<p>Svi koji su u potrazi za poslom ili zainteresovani za rad na pozicijama prodavca, konsultanta u prodaji (Idea Organic), mesara, voza\u010da, magacionera, kontrolora izlaza robe, referenta kontrole zaliha ili \u017eele da se zaposle na bilo kom drugom otvorenom radnom mestu u Mercator-S, mogu odmah da posete <a href=\"https:\/\/www.nsz-sajamzaposljavanja.rs\/\" target=\"_blank\">ovaj link<\/a>, i dobi\u0107e sve potrebne informacije kako da postanu deo Mercator-S tima.<\/p>\n<p>\u201ePonosni smo \u0161to smo, zahvaljuju\u0107i rastu na\u0161e kompanije i \u0161irenja maloprodajne mre\u017ee, u situaciji da zaposlimo vi\u0161e od 100 ljudi. Imamo otvorena radna mesta u velikom broju gradova \u0161irom Srbije, kao i za rad u Upravi kompanije, u Beogradu. Mercator-S zapo\u0161ljava 8.300 vrednih ljudi iz cele Srbije, najrazli\u010ditijh obrazovnih profila i starosnih grupa. Samim tim kod nas je dobrodo\u0161ao svako ko \u017eeli da radi, da ima siguran posao i ko \u017eeli da razvija svoje ve\u0161tine i usavr\u0161ava znanje\u201d, poru\u010duje Jelena \u0160ribar, direktorka podru\u010dja ljudskih resursa u kompaniji Mercator-S.<\/p>\n<p>Sajam zapo\u0161ljavanja organizovan je uz podr\u0161ku globalnog Programa \u201eMigracije i razvoj\u201d, koji u Srbiji sprovodi Nema\u010dka organizacija za me\u0111unarodnu saradnju \u2013 GIZ.<\/p>\n","protected":false},"excerpt":{"rendered":"<p>20. V 2021 | Na prvom virtuelnom sajmu zapo\u0161ljavanja, koji je otvoren ju\u010de u 16 \u010dasova, a koji organizuje Nacionalna slu\u017eba za zapo\u0161ljavanje, me\u0111u 70 drugih kompanija predstavljen je i Mercator-S, koji trenutno ima vi\u0161e od 100 otvorenih radnih mesta. Svi koji su u potrazi za poslom ili zainteresovani za rad na pozicijama prodavca, konsultanta [&hellip;]<\/p>\n","protected":false},"author":1,"featured_media":24524,"comment_status":"closed","ping_status":"open","sticky":false,"template":"","format":"standard","meta":{"pgc_sgb_lightbox_settings":""},"categories":[48,1],"tags":[543,575],"_links":{"self":[{"href":"http:\/\/progressivemagazin.rs\/online\/wp-json\/wp\/v2\/posts\/24523"}],"collection":[{"href":"http:\/\/progressivemagazin.rs\/online\/wp-json\/wp\/v2\/posts"}],"about":[{"href":"http:\/\/progressivemagazin.rs\/online\/wp-json\/wp\/v2\/types\/post"}],"author":[{"embeddable":true,"href":"http:\/\/progressivemagazin.rs\/online\/wp-json\/wp\/v2\/users\/1"}],"replies":[{"embeddable":true,"href":"http:\/\/progressivemagazin.rs\/online\/wp-json\/wp\/v2\/comments?post=24523"}],"version-history":[{"count":1,"href":"http:\/\/progressivemagazin.rs\/online\/wp-json\/wp\/v2\/posts\/24523\/revisions"}],"predecessor-version":[{"id":24526,"href":"http:\/\/progressivemagazin.rs\/online\/wp-json\/wp\/v2\/posts\/24523\/revisions\/24526"}],"wp:featuredmedia":[{"embeddable":true,"href":"http:\/\/progressivemagazin.rs\/online\/wp-json\/wp\/v2\/media\/24524"}],"wp:attachment":[{"href":"http:\/\/progressivemagazin.rs\/online\/wp-json\/wp\/v2\/media?parent=24523"}],"wp:term":[{"taxonomy":"category","embeddable":true,"href":"http:\/\/progressivemagazin.rs\/online\/wp-json\/wp\/v2\/categories?post=24523"},{"taxonomy":"post_tag","embeddable":true,"href":"http:\/\/progressivemagazin.rs\/online\/wp-json\/wp\/v2\/tags?post=24523"}],"curies":[{"name":"wp","href":"https:\/\/api.w.org\/{rel}","templated":true}]}}