{"id":24466,"date":"2021-05-13T19:41:01","date_gmt":"2021-05-13T18:41:01","guid":{"rendered":"http:\/\/progressivemagazin.rs\/online\/?p=24466"},"modified":"2021-05-14T11:30:00","modified_gmt":"2021-05-14T10:30:00","slug":"jubilarna-50-ta-lidl-prodavnica-u-srbiji-otvorena-u-mladenovcu","status":"publish","type":"post","link":"http:\/\/progressivemagazin.rs\/online\/jubilarna-50-ta-lidl-prodavnica-u-srbiji-otvorena-u-mladenovcu\/","title":{"rendered":"JUBILARNIH 50: Lidl od danas radi i u Mladenovcu"},"content":{"rendered":"<p><strong>13. V 2021 |<\/strong>\u00a0Kompanija Lidl Srbija otvorila je danas vrata svoje prve prodavnicu u Mladenovcu u Ulici kralja Petra I br. 50. Ovim je, od prvih otvaranja 2018. do danas, Lidl obele\u017eio svoj zlatni jubilej dostigav\u0161i brojku od 50 prodavnica u 32 grada \u0161irom na\u0161e zemlje. Uz strogo po\u0161tovanje propisanih epidemiolo\u0161kih mera, i jubilarna prodavnica je do\u010dekala prve potro\u0161a\u010de po tradiciji, ta\u010dno u 08:00h.<\/p>\n<p>\u201eDana\u0161nji dan je od velikog zna\u010daja za nas &#8211; dan kada smo otvorili jubilarnu 50. prodavnicu u Srbiji. Iako je na\u0161 primarni zadatak da potro\u0161a\u010dima u svakom gradu u kom poslujemo ponudimo najbolji odnos cene i kvaliteta, jo\u0161 od otvaranja prvih prodavnica 2018. godine, znali smo da je na\u0161a vizija mnogo \u0161ira, odnosno, da \u017eelimo da budemo partner zajednice u kojoj \u017eivimo i poslujemo. Verujemo da smo tokom protekle dve godine brojnim ulaganjima u srpsku privredu, novim radnim mestima i dru\u0161tveno odgovornim projektima tu nameru i ostvarili, te da je poverenje potro\u0161a\u010da koje nam svakodnevno ukazuju u 32 grada \u0161irom Srbije, najbolji dokaz toga. Ovo je tek po\u010detak na\u0161eg zajedni\u010dkog razvoja rame uz rame sa doma\u0107om privredom\u201c, izjavio je generalni direktor kompanije Lidl Srbija Tomislav \u0160apina.<\/p>\n<p>Tokom gradnje prodavnice u Mladenovcu, za glavnog izvo\u0111a\u010da radova, kao i mnogo puta do sada, anga\u017eovana je doma\u0107a firma, dok je svojim radom doprinelo i 30 drugih doma\u0107ih podizvo\u0111a\u010da. Tako\u0111e, povodom otvaranja ura\u0111ena je i pe\u0161a\u010dka staza uz parcelu. Pored investicija ovog tipa u 50 Lidl prodavnica \u0161irom Srbije, pozitivan efekat poslovanja kompanije ogleda se, jo\u0161 pre po\u010detka operativnog poslovanja Lidla, i u investiciji u Novoj Pazovi koju \u010dine Logisti\u010dki centar i Upravna zgrada kompanije.<\/p>\n<p>Otvaranjem nove prodavnice u Mladenovcu, otvoreno je i vi\u0161e od 30 novih radnih mesta, \u0161to Lidl \u010dini poslodavcem sa vi\u0161e od 2.200 zaposlenih u na\u0161oj zemlji. Poziciju jednog od najboljih poslodavca u Srbiji, Lidl Srbija opravdava konstantnom brigom i uslovima koje zaposleni imaju u ovoj kompaniji jo\u0161 od njenog dolaska u Srbiju. Ona je dobitnik presti\u017enog sertifikata \u201aTop Employer Serbia\u2018\u00a0 i\u00a0 \u201aTop Employer Europe\u2018, za 2021. godinu na nivou dr\u017eave Srbije i teritorije Evrope, koje dodeljuje Top Employers Institute. Lidl je nosilac jo\u0161 jednog priznanja &#8211; \u201aIzvrsnost u izazovima\u2018 konsultantske ku\u0107e Selectio, koji ima tradiciju dugu 15 godina i potvrda je da su njegovi nosioci poslodavci koji se isti\u010du odgovornim upravljanjem krizom i podr\u017eavaju\u0107im odnosom prema zaposlenima i dru\u0161tvenoj zajednici, u neizvesnim okolnostima uzrokovanih spoljnim faktorima.<\/p>\n<p>Lidl Srbija postavila je dobar primer i svojim dru\u0161tveno odgovornim projektima, od kojih su se neki od njih odnosili na za\u0161titu \u017eivotne sredine, poput projekta \u010ci\u0161\u0107enje planina Srbije, dok su neki imali za cilj obezbe\u0111ivanje nov\u010danih i robnih sredstava onima kojima je to najpotrebnije. U susret 2021. godini, u decembru, Lidl je donirao sredstva u visini od oko 5.000.000 dinara, namenjena za le\u010denje 15 osoba registrovanih preko fondacije \u201eBudi human\u201c, kao i za pomo\u0107 ustanovama specijalizovanim za rad sa nezbrinutom decom i mali\u0161anima ometenim u razvoju &#8211; od Subotice, preko Sombora, Beograda, Loznice, do Ni\u0161a.<\/p>\n<p>Nova Lidl prodavnica bi\u0107e otvorena za potro\u0161a\u010de od ponedeljka do nedelje od 08-22h.<\/p>\n","protected":false},"excerpt":{"rendered":"<p>13. V 2021 |\u00a0Kompanija Lidl Srbija otvorila je danas vrata svoje prve prodavnicu u Mladenovcu u Ulici kralja Petra I br. 50. Ovim je, od prvih otvaranja 2018. do danas, Lidl obele\u017eio svoj zlatni jubilej dostigav\u0161i brojku od 50 prodavnica u 32 grada \u0161irom na\u0161e zemlje. Uz strogo po\u0161tovanje propisanih epidemiolo\u0161kih mera, i jubilarna prodavnica [&hellip;]<\/p>\n","protected":false},"author":1,"featured_media":24467,"comment_status":"closed","ping_status":"open","sticky":false,"template":"","format":"standard","meta":{"pgc_sgb_lightbox_settings":""},"categories":[47,1],"tags":[],"_links":{"self":[{"href":"http:\/\/progressivemagazin.rs\/online\/wp-json\/wp\/v2\/posts\/24466"}],"collection":[{"href":"http:\/\/progressivemagazin.rs\/online\/wp-json\/wp\/v2\/posts"}],"about":[{"href":"http:\/\/progressivemagazin.rs\/online\/wp-json\/wp\/v2\/types\/post"}],"author":[{"embeddable":true,"href":"http:\/\/progressivemagazin.rs\/online\/wp-json\/wp\/v2\/users\/1"}],"replies":[{"embeddable":true,"href":"http:\/\/progressivemagazin.rs\/online\/wp-json\/wp\/v2\/comments?post=24466"}],"version-history":[{"count":3,"href":"http:\/\/progressivemagazin.rs\/online\/wp-json\/wp\/v2\/posts\/24466\/revisions"}],"predecessor-version":[{"id":24471,"href":"http:\/\/progressivemagazin.rs\/online\/wp-json\/wp\/v2\/posts\/24466\/revisions\/24471"}],"wp:featuredmedia":[{"embeddable":true,"href":"http:\/\/progressivemagazin.rs\/online\/wp-json\/wp\/v2\/media\/24467"}],"wp:attachment":[{"href":"http:\/\/progressivemagazin.rs\/online\/wp-json\/wp\/v2\/media?parent=24466"}],"wp:term":[{"taxonomy":"category","embeddable":true,"href":"http:\/\/progressivemagazin.rs\/online\/wp-json\/wp\/v2\/categories?post=24466"},{"taxonomy":"post_tag","embeddable":true,"href":"http:\/\/progressivemagazin.rs\/online\/wp-json\/wp\/v2\/tags?post=24466"}],"curies":[{"name":"wp","href":"https:\/\/api.w.org\/{rel}","templated":true}]}}