{"id":24422,"date":"2021-05-11T13:13:09","date_gmt":"2021-05-11T12:13:09","guid":{"rendered":"http:\/\/progressivemagazin.rs\/online\/?p=24422"},"modified":"2021-05-11T13:33:43","modified_gmt":"2021-05-11T12:33:43","slug":"lidl-srbija-dobitnik-ziga-cuvarkuca-za-vise-od-150-proizvoda","status":"publish","type":"post","link":"http:\/\/progressivemagazin.rs\/online\/lidl-srbija-dobitnik-ziga-cuvarkuca-za-vise-od-150-proizvoda\/","title":{"rendered":"LIDL SRBIJA DOBITNIK \u017dIGA \u010cUVARKU\u0106A ZA VI\u0160E OD 150 PROIZVODA"},"content":{"rendered":"<p><strong>11. V 2021 |<\/strong> Kompanija Lidl Srbija od po\u010detka svog poslovanja u Srbiji ula\u017ee u doma\u0107u privredu, a u prilog tome govori \u010dinjenica da je upravo ova kompanija dobitnica \u017eiga \u010cuvarku\u0107a za vi\u0161e od 150 proizvoda doma\u0107eg porekla. Ulaganjem u doma\u0107e proizvode i \u0161irenjem saradnje sa doma\u0107im dobavlja\u010dima kompanija Lidl ne samo da poma\u017ee razvoju doma\u0107e privrede i brine o zajednici u kojoj posluje na razli\u010ditim poljima poslovanja, ve\u0107 i odr\u017eivom razvoju.<\/p>\n<p>Danas je u Lidl prodavnici na To\u0161inom bunaru povodom akcije Privredne komore Srbije &#8216;Stvarano u Srbiji&#8217; u prisustvu generalnog direktora kompanije Lidl Srbija, Tomislava \u0160apine, i predsednika Privredne Komore Srbije, Marka \u010cade\u017ea, obele\u017eena postavka doma\u0107ih proizvoda sa \u017eigom \u010cuvarku\u0107a \u010diji proizvo\u0111a\u010di poseduju i IFS sertifikat koji predstavlja osnovni uslov za rad sa kompanijom Lidl Srbija.<\/p>\n<p>&#8222;Proizvodi sa \u017eigom \u010cuvarku\u0107a koje danas sa ponosom predstavljamo, rezultat su zajedni\u010dkog rada sa na\u0161im partnerima \/ Privrednom komorom Srbije i doma\u0107im dobavlja\u010dima. Ponosni smo na \u010dinjenicu da \u0107e se od danas na policama Lidl prodavnica na\u0107i \u010dak vi\u0161e od 150 proizvoda sa ovim \u017eigom, \u0161to potvr\u0111uje da Lidl uspe\u0161no ispunjava ono \u0161to smo gra\u0111anima Srbije obe\u0107ali kada smo otvorili vrata prvih prodavnica &#8211; da smo tu da ostanemo, da rastemo i razvijamo se zajedno sa doma\u0107im dobavlja\u010dima, i da \u0107emo im uvek nuditi proizvode sa najboljim odnosom cene i kvaliteta. Zahvaljujem se Privrednoj komori Srbije na stvaranju pozitivne klime koja je omogu\u0107ila da proces dobijanja \u017eiga uspe\u0161no zavr\u0161imo. Ogromno hvala na\u0161im kolegama koji su u\u010destvovali u ovom projektu, kao i svim na\u0161im potro\u0161a\u010dima koji nas svakodnevno motivi\u0161u da budemo sve bolji. Pozivam ih da ve\u0107 od danas isprobaju doma\u0107e proizvode sa \u017eigom \u010cuvarku\u0107a i uvere se u njihov kvalitet. Volimo i podr\u017eimo ono \u0161to je stvarano u Srbiji&#8220;,<i> \u00a0izjavio je Tomislav \u0160apina, generalni direktor Lidla Srbija.<\/i><\/p>\n<p>Kupovinom Lidl proizvoda sa oznakom \u010cuvarku\u0107a doprinosi se ekonomiji Srbije podr\u017eavaju\u0107i kvalitetnije i zdravije proizvode od doma\u0107ih sirovina, vi\u0161i nivo zaposlenosti i sigurnija radna mesta, kao i razvoj preduze\u0107a iz povezanih delatnosti kao \u0161to su poljoprivreda i zanatstvo.<\/p>\n<p>Predsednik Privredne komore Srbije Marko \u010cade\u017e rekao je kako je ogromna \u010dast prisustvovati ovakvom doga\u0111aju zajedno sa kompanijom Lidl Srbija koja je, kako je rekao, u\u010dinila veliki pomak za akciju &#8216;Stvarano u Srbiji&#8217;.<\/p>\n<p>&#8222;<i>\u017dig \u010cuvarku\u0107a nije jednostavno dobiti, a ovu nedelju zavr\u0161avamo sa vi\u0161e od 700 proizvoda koji ga imaju<\/i>. <i>Kupovinom proizvoda sa \u017eigom \u010cuvarku\u0107a poma\u017eemo na\u0161im prijateljima, porodici,\u00a0 proizvo\u0111a\u010dima, podsti\u010demo nova zapo\u0161ljavanje, jednostvano poma\u017eemo doma\u0107oj privredi. Od nas zavisi u kakvoj \u0107emo zemlji \u017eiveti. U Lidl prodavnicama prodaje se oko 500 doma\u0107ih proizvoda, od kojih 150 ve\u0107 ima \u017eig \u010cuvarku\u0107a, tako da smo na dobrom putu da ih bude jo\u0161. Va\u017eno je da biramo \u010cuvarku\u0107u, jer tako rastemo kao privreda, kao dru\u0161tvo i kao zemlja odakle dolaze vredni proizvo\u0111a\u010di&#8220;, poru\u010dio je \u010cade\u017e.<\/i><\/p>\n<p>Kompanija Lidl Srbija naro\u010dito je ponosna na saradnju sa industrijom mesa &#8216;\u0110ur\u0111evi\u0107&#8217; iz Pe\u0107inaca koja je zajedno sa Lidlom dobila \u017eig \u010cuvarku\u0107a za vi\u0161e od 30 proizvoda. Da raste i razvija se zajedno sa svojim dobavlja\u010dima kompanija Lidl upravo pokazuje na ovom primeru jer saradnja sa dobavlja\u010dem \u0110ur\u0111evi\u0107 traje od po\u010detka njenog poslovanja u Srbiji. Slede\u0107i ovaj primer, kompanija Lidl Srbija nastavlja da prijavljuje nove proizvode i planira dalju saradnju sa drugim doma\u0107im dobavlja\u010dima.<\/p>\n<p><strong>O Lidlu<i><\/i><\/strong><\/p>\n<p>Kompanija Lidl deo je nema\u010dke \u0160varc grupe (Schwarz Gruppe), jednog od vode\u0107ih prehrambenih diskontnih lanaca u Evropi. Posluje u 32 zemlje \u0161irom sveta i broji vi\u0161e od 310.000 zaposlenih.<\/p>\n<p>Lidl je u Srbiji svoje prve prodavnice otvorio u oktobru 2018. godine i trenutno ima 49 prodavnica u 32 grada \u0161irom zemlje. Ima dugoro\u010dne planove sa ciljem da potro\u0161a\u010dima \u0161irom Srbije ponudi jedinstveno iskustvo kupovine i najbolji odnos cene i kvaliteta, po \u010demu su prepoznati u svetu. Na osnovu sertifikovanja od strane Top Employers Institute za najboljeg poslodavca, Lidl je nosilac sertifikata&#8217;Top Employer Serbia&#8217; i &#8216;Top Employer Europe&#8217; za 2021. godinu.<\/p>\n","protected":false},"excerpt":{"rendered":"<p>11. V 2021 | Kompanija Lidl Srbija od po\u010detka svog poslovanja u Srbiji ula\u017ee u doma\u0107u privredu, a u prilog tome govori \u010dinjenica da je upravo ova kompanija dobitnica \u017eiga \u010cuvarku\u0107a za vi\u0161e od 150 proizvoda doma\u0107eg porekla. Ulaganjem u doma\u0107e proizvode i \u0161irenjem saradnje sa doma\u0107im dobavlja\u010dima kompanija Lidl ne samo da poma\u017ee razvoju [&hellip;]<\/p>\n","protected":false},"author":1,"featured_media":24423,"comment_status":"closed","ping_status":"open","sticky":false,"template":"","format":"standard","meta":{"pgc_sgb_lightbox_settings":""},"categories":[47],"tags":[],"_links":{"self":[{"href":"http:\/\/progressivemagazin.rs\/online\/wp-json\/wp\/v2\/posts\/24422"}],"collection":[{"href":"http:\/\/progressivemagazin.rs\/online\/wp-json\/wp\/v2\/posts"}],"about":[{"href":"http:\/\/progressivemagazin.rs\/online\/wp-json\/wp\/v2\/types\/post"}],"author":[{"embeddable":true,"href":"http:\/\/progressivemagazin.rs\/online\/wp-json\/wp\/v2\/users\/1"}],"replies":[{"embeddable":true,"href":"http:\/\/progressivemagazin.rs\/online\/wp-json\/wp\/v2\/comments?post=24422"}],"version-history":[{"count":1,"href":"http:\/\/progressivemagazin.rs\/online\/wp-json\/wp\/v2\/posts\/24422\/revisions"}],"predecessor-version":[{"id":24424,"href":"http:\/\/progressivemagazin.rs\/online\/wp-json\/wp\/v2\/posts\/24422\/revisions\/24424"}],"wp:featuredmedia":[{"embeddable":true,"href":"http:\/\/progressivemagazin.rs\/online\/wp-json\/wp\/v2\/media\/24423"}],"wp:attachment":[{"href":"http:\/\/progressivemagazin.rs\/online\/wp-json\/wp\/v2\/media?parent=24422"}],"wp:term":[{"taxonomy":"category","embeddable":true,"href":"http:\/\/progressivemagazin.rs\/online\/wp-json\/wp\/v2\/categories?post=24422"},{"taxonomy":"post_tag","embeddable":true,"href":"http:\/\/progressivemagazin.rs\/online\/wp-json\/wp\/v2\/tags?post=24422"}],"curies":[{"name":"wp","href":"https:\/\/api.w.org\/{rel}","templated":true}]}}