{"id":24351,"date":"2021-04-29T15:51:35","date_gmt":"2021-04-29T14:51:35","guid":{"rendered":"http:\/\/progressivemagazin.rs\/online\/?p=24351"},"modified":"2021-04-29T15:51:35","modified_gmt":"2021-04-29T14:51:35","slug":"zahvaljujuci-projektu-zasadi-drvo-srbija-bogatija-za-153-000-stabala","status":"publish","type":"post","link":"http:\/\/progressivemagazin.rs\/online\/zahvaljujuci-projektu-zasadi-drvo-srbija-bogatija-za-153-000-stabala\/","title":{"rendered":"ZAHVALJUJU\u0106I PROJEKTU &#8216;ZASADI DRVO&#8217;, SRBIJA BOGATIJA ZA 153.000 STABALA"},"content":{"rendered":"<p><strong>29. IV 2021. |<\/strong>Sadnjom u Kraljevu uspe\u0161no je zavr\u0161en drugi ciklus projekta &#8216;Zasadi drvo&#8217;, a Srbija je bogatija za vi\u0161e od 153.000 stabala od kada je akcija pokrenuta 2019. godine. Kompanije Adria Media Group i dm drogerie markt zajedno sa institucionalnim partnerima: Ministarstvo poljoprivrede, \u0161umarstva i vodoprivrede \u2013 Uprava za \u0161ume, JP Srbija\u0161ume, JP Vojvodina\u0161ume, Pokret gorana Srbije, Privredna komora Srbije, Botani\u010dka ba\u0161ta Jevremovac, \u0160umarski fakultet Univerziteta u Beogradu i \u0160umarska \u0161kola u Kraljevu, zahvaljuju svima koji su u\u010destvovali jer je to, kako ka\u017eu, uspeh svih nas, a za dobrobit zemlje u kojoj \u017eivimo.<\/p>\n<p>&#8222;Ponosni smo jer smo postigli mnogo, ne samo po broju posa\u0111enih sadnica i stotina kilograma prikupljenog semena ve\u0107 i na podizanju svesti o va\u017enosti ove teme i odgovornosti svakog pojedinca. Verujemo da smo uz pomo\u0107 na\u0161ih zaposlenih i gra\u0111ana volontera pokrenuli jednu novu energiju i primerom pokazali da ni te\u0161ka godina prepuna razli\u010ditih izazova, kakva je bila godina iza nas, nije prepreka za ostvarenje pravih ciljeva. Svi smo svakim danom svesniji zna\u010daja prirode i njene va\u017enosti za \u017eivot ljudi i \u010dini se da smo sve spremniji da i sami damo doprinos, \u0161to je izuzetno va\u017eno. Iza nas su godine nemarnog pona\u0161anja i bi\u0107e potrebno mnogo vremena, truda i rada kako bismo postigli pozitivne rezultate. Zato nastavljamo dalje s projektom &#8216;Zasadi drvov. Posla je mnogo, a mi apelujemo da treba uvek da se pona\u0161amo odgovorno prema prirodi, jer bez nje nema budu\u0107nosti&#8220;, izjavila je Ana Aleksi\u0107 iz menad\u017ementa kompanije Adria Media Group.<\/p>\n<p>&#8222;Kompanija dm neguje dugogodi\u0161nju ekolo\u0161ku tradiciju, koja proisti\u010de iz filozofije poslovanja zasnovane na odr\u017eivom razvoju. Mnogobrojnim aktivnostima i projektima u ovoj oblasti nastavljamo da razvijamo svest o zna\u010daju za\u0161tite \u017eivotne sredine. Projekat &#8216;Zasadi drvo&#8217; je ne\u0161to na \u0161ta smo posebno ponosni jer pokazuje na\u0161u po\u017ertvovanost i anga\u017eovanost u ovom segmentu. Pokrenuli smo ga u trenutku kad nam je priroda poru\u010dila da od nas o\u010dekuje ne\u0161to zauzvrat. Najve\u0107i doprinos vidimo u tome \u0161to smo podstakli i druge kompanije, ali i pojedince da zapo\u010dnu sli\u010dne inicijative i u\u010destvuju u po\u0161umljavanju na\u0161e lepe Srbije. Posebnu zahvalnost dugujemo na\u0161im zaposlenima, koji su pokazali izuzetnu privr\u017eenost ovom projektu, kao i mnogobrojnim volonterima koji su se priklju\u010dili akcijama sadnje. Izvanredni rezultati projekta &#8216;Zasadi drvo&#8217; svedo\u010de koliko toga zajedno mo\u017eemo da postignemo i doprinesemo da na\u0161a zemlja bude zelenije i lep\u0161e mesto za \u017eivot&#8220;, izjavio je Predrag Petrovi\u0107, \u010dlan Uprave dm-a Srbija i Severna Makedonija.<\/p>\n<p>Ovo je zeleno svetlo za sve budu\u0107e poduhvate, a &#8216;Zasadi drvo&#8217; nastavlja svoju akciju.<\/p>\n","protected":false},"excerpt":{"rendered":"<p>29. IV 2021. |Sadnjom u Kraljevu uspe\u0161no je zavr\u0161en drugi ciklus projekta &#8216;Zasadi drvo&#8217;, a Srbija je bogatija za vi\u0161e od 153.000 stabala od kada je akcija pokrenuta 2019. godine. Kompanije Adria Media Group i dm drogerie markt zajedno sa institucionalnim partnerima: Ministarstvo poljoprivrede, \u0161umarstva i vodoprivrede \u2013 Uprava za \u0161ume, JP Srbija\u0161ume, JP Vojvodina\u0161ume, [&hellip;]<\/p>\n","protected":false},"author":1,"featured_media":24352,"comment_status":"closed","ping_status":"open","sticky":false,"template":"","format":"standard","meta":{"pgc_sgb_lightbox_settings":""},"categories":[48],"tags":[118,366],"_links":{"self":[{"href":"http:\/\/progressivemagazin.rs\/online\/wp-json\/wp\/v2\/posts\/24351"}],"collection":[{"href":"http:\/\/progressivemagazin.rs\/online\/wp-json\/wp\/v2\/posts"}],"about":[{"href":"http:\/\/progressivemagazin.rs\/online\/wp-json\/wp\/v2\/types\/post"}],"author":[{"embeddable":true,"href":"http:\/\/progressivemagazin.rs\/online\/wp-json\/wp\/v2\/users\/1"}],"replies":[{"embeddable":true,"href":"http:\/\/progressivemagazin.rs\/online\/wp-json\/wp\/v2\/comments?post=24351"}],"version-history":[{"count":1,"href":"http:\/\/progressivemagazin.rs\/online\/wp-json\/wp\/v2\/posts\/24351\/revisions"}],"predecessor-version":[{"id":24353,"href":"http:\/\/progressivemagazin.rs\/online\/wp-json\/wp\/v2\/posts\/24351\/revisions\/24353"}],"wp:featuredmedia":[{"embeddable":true,"href":"http:\/\/progressivemagazin.rs\/online\/wp-json\/wp\/v2\/media\/24352"}],"wp:attachment":[{"href":"http:\/\/progressivemagazin.rs\/online\/wp-json\/wp\/v2\/media?parent=24351"}],"wp:term":[{"taxonomy":"category","embeddable":true,"href":"http:\/\/progressivemagazin.rs\/online\/wp-json\/wp\/v2\/categories?post=24351"},{"taxonomy":"post_tag","embeddable":true,"href":"http:\/\/progressivemagazin.rs\/online\/wp-json\/wp\/v2\/tags?post=24351"}],"curies":[{"name":"wp","href":"https:\/\/api.w.org\/{rel}","templated":true}]}}