{"id":23720,"date":"2021-03-06T15:14:26","date_gmt":"2021-03-06T14:14:26","guid":{"rendered":"http:\/\/progressivemagazin.rs\/online\/?p=23720"},"modified":"2021-03-08T15:19:01","modified_gmt":"2021-03-08T14:19:01","slug":"fortenova-grupa-dobila-odobrenje-za-koncentraciju-mercatora-u-srbiji","status":"publish","type":"post","link":"http:\/\/progressivemagazin.rs\/online\/fortenova-grupa-dobila-odobrenje-za-koncentraciju-mercatora-u-srbiji\/","title":{"rendered":"Fortenova grupa dobila odobrenje za koncentraciju Mercatora u Srbiji"},"content":{"rendered":"<p><strong>5. III 2021 |<\/strong> Komisija za za\u0161titu konkurencije Republike Srbije je 5. marta 2021. odobrila nameru sticanja kontrole Fortenova grupe nad dru\u0161tvom Poslovni sistem Mercator d.d. Ljubljana i na tr\u017ei\u0161tu Republike Srbije.<\/p>\n<p>Ovom odlukom Komisije, Fortenova grupa je u potpunosti zadovoljila regulatorne preduslove za dobijanje odobrenja za nameru koncentracije Mercatora od nadle\u017enih nacionalnih regulatornih tela za za\u0161titu tr\u017ei\u0161ne konkurencije na svim teritorijima na kojima je to bilo potrebno &#8211; Srbije, Bosne i Hercegovine, Crne Gore i Severne Makedonije.<\/p>\n<p>Tako\u0111e, odobrenjem koncentracije od strane Evropske komisije, taj preduslov je zadovoljen i za podru\u010dje cele Evropske unije.<\/p>\n<p>\u201eOvom odlukom otklonjena je jo\u0161 jedna formalna prepreka za realizaciju prenosa Mercatora na Fortenova grupu koju o\u010dekujemo krajem marta 2021. godine. Prenos deonica sa Agrokora na Fortenova grupu omogu\u0107i\u0107e nam konsolidaciju i dalji razvoj na\u0161e regionalne maloprodajne mre\u017ee\u201c, rekao je Fabris Peru\u0161ko, glavni izvr\u0161ni direktor Fortenova grupe, komentari\u0161u\u0107i odluku Komisije za za\u0161titu konkurencije Republike Srbije.<\/p>\n","protected":false},"excerpt":{"rendered":"<p>5. III 2021 | Komisija za za\u0161titu konkurencije Republike Srbije je 5. marta 2021. odobrila nameru sticanja kontrole Fortenova grupe nad dru\u0161tvom Poslovni sistem Mercator d.d. Ljubljana i na tr\u017ei\u0161tu Republike Srbije. Ovom odlukom Komisije, Fortenova grupa je u potpunosti zadovoljila regulatorne preduslove za dobijanje odobrenja za nameru koncentracije Mercatora od nadle\u017enih nacionalnih regulatornih tela [&hellip;]<\/p>\n","protected":false},"author":1,"featured_media":22844,"comment_status":"closed","ping_status":"open","sticky":false,"template":"","format":"standard","meta":{"pgc_sgb_lightbox_settings":""},"categories":[47],"tags":[],"_links":{"self":[{"href":"http:\/\/progressivemagazin.rs\/online\/wp-json\/wp\/v2\/posts\/23720"}],"collection":[{"href":"http:\/\/progressivemagazin.rs\/online\/wp-json\/wp\/v2\/posts"}],"about":[{"href":"http:\/\/progressivemagazin.rs\/online\/wp-json\/wp\/v2\/types\/post"}],"author":[{"embeddable":true,"href":"http:\/\/progressivemagazin.rs\/online\/wp-json\/wp\/v2\/users\/1"}],"replies":[{"embeddable":true,"href":"http:\/\/progressivemagazin.rs\/online\/wp-json\/wp\/v2\/comments?post=23720"}],"version-history":[{"count":1,"href":"http:\/\/progressivemagazin.rs\/online\/wp-json\/wp\/v2\/posts\/23720\/revisions"}],"predecessor-version":[{"id":23721,"href":"http:\/\/progressivemagazin.rs\/online\/wp-json\/wp\/v2\/posts\/23720\/revisions\/23721"}],"wp:featuredmedia":[{"embeddable":true,"href":"http:\/\/progressivemagazin.rs\/online\/wp-json\/wp\/v2\/media\/22844"}],"wp:attachment":[{"href":"http:\/\/progressivemagazin.rs\/online\/wp-json\/wp\/v2\/media?parent=23720"}],"wp:term":[{"taxonomy":"category","embeddable":true,"href":"http:\/\/progressivemagazin.rs\/online\/wp-json\/wp\/v2\/categories?post=23720"},{"taxonomy":"post_tag","embeddable":true,"href":"http:\/\/progressivemagazin.rs\/online\/wp-json\/wp\/v2\/tags?post=23720"}],"curies":[{"name":"wp","href":"https:\/\/api.w.org\/{rel}","templated":true}]}}