{"id":23713,"date":"2021-03-08T15:02:33","date_gmt":"2021-03-08T14:02:33","guid":{"rendered":"http:\/\/progressivemagazin.rs\/online\/?p=23713"},"modified":"2021-03-08T15:02:33","modified_gmt":"2021-03-08T14:02:33","slug":"8-mart-je-samo-podsetnik-coca-cola-tokom-cele-godine-radi-na-osnazenju-zena-i-ravnopravnosti-medu-polovima","status":"publish","type":"post","link":"http:\/\/progressivemagazin.rs\/online\/8-mart-je-samo-podsetnik-coca-cola-tokom-cele-godine-radi-na-osnazenju-zena-i-ravnopravnosti-medu-polovima\/","title":{"rendered":"8. MART JE SAMO PODSETNIK: Coca-Cola tokom cele godine radi na osna\u017eenju \u017eena i ravnopravnosti me\u0111u polovima"},"content":{"rendered":"<p><strong>8. III 2021 |<\/strong>\u00a0Me\u0111unarodni dan \u017eena svake godine slu\u017ei kao podsetnik da su \u017eene \u010desto manje vrednovane za svoj trud, a za kompaniju Coca-Cola da nikada ne zaboravi na borbu za ljudska prava, kao ni ekonomsku, politi\u010dku i socijalnu ravnopravnost \u017eena i mu\u0161karaca, navodi se u saop\u0161tenju kompanije povodom Dana \u017eena.<\/p>\n<p>U okviru svojih CSR aktivnosti, Coca-Cola je pro\u0161le godine pokrenula kampanju \u201eBudimo =\u201c sa ciljem podizanja svesti o razlikama u ekonomskim primanjima mu\u0161karaca i \u017eena, a u \u017eelji da bude inicijator promena, kompanija je pro\u0161le godine pru\u017eila podr\u0161ku Sektoru \u017eenskog preduzetni\u0161tva pri Privrednoj komori Srbije, kroz donaciju sredstava za programe edukacije i profesionalnog osna\u017eivanja \u017eena.<\/p>\n<p>Uprkos pandemiji odr\u017eane su radionice koje su unapredile poslovanje vi\u0161e od 700 preduzetnica, podstakle me\u0111usobno umre\u017eavanje i edukaciju \u017eena, kao i kori\u0161\u0107enje savremenih digitalnih alata u poslovanju.<\/p>\n<p>Kako se navodi u saop\u0161tenju, svi zaposleni unutar Coca-Cola sistema veruju da \u017eene imaju nemerljive pozitivne efekte na celokupno dru\u0161tvo, zbog \u010dega se veliki broj \u017eena nalazi na klju\u010dnim vode\u0107im pozicijama u kompaniji \u0161irom sveta. Upravo zbog toga, i ove godine Coca-Cola skre\u0107e pa\u017enju na ekonomsku ravnopravnost i osna\u017eivanje \u017eena. U tu svrhu kompanija je i ove godine kreirala svojevrstan &#8216;manifest&#8217;, kojim se pozivaju i druge kompanije da se pridru\u017ee inicijativi:<\/p>\n<p><em>\u0160irom sveta \u017eene su stub kompanije Coca-Cola \u00a0i sigurni smo da je to jedan od uzroka na\u0161eg \u00a0planetarnog uspeha. Mi verujemo da ravnopravnost i osna\u017eivanje \u017eena imaju nemerljive pozitivne efekte na celokupno dru\u0161tvo.<\/em><\/p>\n<p><em>Ipak, u Srbiji, \u017eene provode 50% vi\u0161e vremena od mu\u0161karaca u nepla\u0107enim ku\u0107nim poslovima.<\/em><\/p>\n<p><em>Mi \u017eelimo da se taj posao ravnopravno podeli i da svaka \u017eena i svaki mu\u0161karac budu ravnopravni u profesionalnim ali i u nepla\u0107enim ku\u0107nim poslovima i zato se zala\u017eemo za jednakost i ekonomsko osna\u017eivanje \u017eena. Za dru\u0161tvo bez razlika!<\/em><\/p>\n<p><em>Budimo = Pridru\u017eite nam se!<\/em><\/p>\n<p>,,Iako &#8216;Budimo =&#8217; kampanjom ukazujemo na socio-ekonomski nejednak polo\u017eaj \u017eena, Coca-Cola zapravo \u017eeli da inspiri\u0161e sve one koji se zala\u017eu za punu ravnopravnost polova u svim segmentima dru\u0161tvenog \u017eivota, da nastavimo sa osna\u017eivanjem \u017eena svaki dan i uva\u017eavamo i po\u0161tujemo razli\u010ditosti \u010dime \u0107emo zna\u010dajno doprineti dru\u0161tvenoj inkluziji\u2019\u2019, izjavila je Kubra Kilicel, brend menad\u017eer kompanije Coca-Cola.<\/p>\n<p>I na globalnom planu, kompanija Coca-Cola veoma posve\u0107eno radi na unapre\u0111enju polo\u017eaja \u017eena. Tako je inicijativa &#8216;5by20&#8217; imala cilj da osna\u017ei \u010dak 5 miliona \u017eena do kraja 2020. godine. Kroz ovaj projekat pro\u0161le su brojne preduzetnice: od vlasnica biznisa, pa do onih koje se bave poljoprivredom ili zanatima. Sve one dobile su priliku da pro\u0111u kroz obuku i dobiju pristup finansijskim sredstvima, kao i pomo\u0107 mentora i mre\u017ea koleginica. Kroz 318 projekata u \u010dak 100 zemalja, pro\u0161lo je vi\u0161e od 6 miliona \u017eena, \u010dime je Coca-Cola, kako ka\u017eu, jo\u0161 jednom pokazala da su \u017eene najve\u0107i neiskori\u0161\u0107eni izvor ekonomskih mogu\u0107nosti u svetu i da uz pravu podr\u0161ku mogu da zapo\u010dnu ili razviju svoj posao, steknu nove ve\u0161tine i pobolj\u0161aju svoje prihode.<\/p>\n","protected":false},"excerpt":{"rendered":"<p>8. III 2021 |\u00a0Me\u0111unarodni dan \u017eena svake godine slu\u017ei kao podsetnik da su \u017eene \u010desto manje vrednovane za svoj trud, a za kompaniju Coca-Cola da nikada ne zaboravi na borbu za ljudska prava, kao ni ekonomsku, politi\u010dku i socijalnu ravnopravnost \u017eena i mu\u0161karaca, navodi se u saop\u0161tenju kompanije povodom Dana \u017eena. U okviru svojih CSR [&hellip;]<\/p>\n","protected":false},"author":1,"featured_media":23714,"comment_status":"closed","ping_status":"open","sticky":false,"template":"","format":"standard","meta":{"pgc_sgb_lightbox_settings":""},"categories":[48],"tags":[92,279,424],"_links":{"self":[{"href":"http:\/\/progressivemagazin.rs\/online\/wp-json\/wp\/v2\/posts\/23713"}],"collection":[{"href":"http:\/\/progressivemagazin.rs\/online\/wp-json\/wp\/v2\/posts"}],"about":[{"href":"http:\/\/progressivemagazin.rs\/online\/wp-json\/wp\/v2\/types\/post"}],"author":[{"embeddable":true,"href":"http:\/\/progressivemagazin.rs\/online\/wp-json\/wp\/v2\/users\/1"}],"replies":[{"embeddable":true,"href":"http:\/\/progressivemagazin.rs\/online\/wp-json\/wp\/v2\/comments?post=23713"}],"version-history":[{"count":1,"href":"http:\/\/progressivemagazin.rs\/online\/wp-json\/wp\/v2\/posts\/23713\/revisions"}],"predecessor-version":[{"id":23715,"href":"http:\/\/progressivemagazin.rs\/online\/wp-json\/wp\/v2\/posts\/23713\/revisions\/23715"}],"wp:featuredmedia":[{"embeddable":true,"href":"http:\/\/progressivemagazin.rs\/online\/wp-json\/wp\/v2\/media\/23714"}],"wp:attachment":[{"href":"http:\/\/progressivemagazin.rs\/online\/wp-json\/wp\/v2\/media?parent=23713"}],"wp:term":[{"taxonomy":"category","embeddable":true,"href":"http:\/\/progressivemagazin.rs\/online\/wp-json\/wp\/v2\/categories?post=23713"},{"taxonomy":"post_tag","embeddable":true,"href":"http:\/\/progressivemagazin.rs\/online\/wp-json\/wp\/v2\/tags?post=23713"}],"curies":[{"name":"wp","href":"https:\/\/api.w.org\/{rel}","templated":true}]}}