{"id":23176,"date":"2020-12-17T16:17:31","date_gmt":"2020-12-17T15:17:31","guid":{"rendered":"http:\/\/progressivemagazin.rs\/online\/?p=23176"},"modified":"2020-12-17T16:17:31","modified_gmt":"2020-12-17T15:17:31","slug":"imlekova-novogodisnja-donacija-za-nezbrinutu-decu","status":"publish","type":"post","link":"http:\/\/progressivemagazin.rs\/online\/imlekova-novogodisnja-donacija-za-nezbrinutu-decu\/","title":{"rendered":"IMLEKOVA NOVOGODI\u0160NJA DONACIJA ZA NEZBRINUTU DECU"},"content":{"rendered":"<p><strong>17. XII 2020 |<\/strong> \u0160ti\u0107enici iz brojnih ustanova za nezbrinutu decu \u0161irom Srbije, ove godine su ispod jelke zatekli mle\u010dne paketi\u0107e kojima ih je obradovala Moja Kravica. U ulozi Deda Mraza na\u0161la se kompanija Imlek, kako bi najmla\u0111ima ulep\u0161ala prazni\u010dne dane.<\/p>\n<p>Prazni\u010dna atmosfera je omiljena me\u0111u decom svih uzrasta, a zbog jo\u0161 uvek aktuelne pandemije, ove godine je vi\u0161e nego ikada potrebno omogu\u0107iti im da se ose\u0107aju sigurno i bezbri\u017eno tokom prazni\u010dnih dana. Kompanija Imlek je odlu\u010dila da unese prazni\u010dni duh u \u017eivote mali\u0161ana, pa je u skladu sa tim tradicionalno obradovala \u0161ti\u0107enike Svrati\u0161ta za decu u Beogradu, Zavoda za vaspitanje dece u Beogradu, kao i De\u010dijeg sela &#8216;Dr Milorad Pavlovi\u0107&#8217; u Sremskoj Kamenici. Sre\u0107no i zdravo odrastanje je najva\u017eniji deo \u017eivota svakog \u010doveka, zbog \u010dega kompanija Imlek posebnu pa\u017enju posve\u0107uje dru\u0161tveno-odgovornim projektima koji se ogledaju u pomo\u0107i najmla\u0111ima, posebno u ovoj situaciji kada ne idu u \u0161kolu i razdvojeni su od svojih drugara.<\/p>\n<p>&#8222;Ova godina je bila izazovna za sve, tako da ni prazni\u010dni duh nije onakav kakav pamtimo. Ipak, pravo svakog deteta je da tokom novogodi\u0161njih praznika u\u017eiva u prazni\u010dnoj atmosferi koja odi\u0161e ljubavlju, sre\u0107om i slavljem. Mi se trudimo da svake godine Moja Kravica mle\u010dnim paketi\u0107ima obradujemo mali\u0161ane iz ustanova za nezbrinutu decu \u0161irom Srbije, kojoj su pomo\u0107 i pa\u017enja uvek potrebni, a ove godine smo \u017eeleli da im posvetimo posebnu pa\u017enju i podsetimo ih da neko misli na njih tokom prazni\u010dnih dana. Cilj nam je da \u0161to \u010de\u0161\u0107e sprovodimo ovakve aktivnosti i da time motivi\u0161emo i druge kompanije da pru\u017ee pomo\u0107 onima kojima je najpotrebnija&#8220;, izjavila je Marija Malovi\u0107, regionalni menad\u017eer komunikacija i korporativnih poslova kompanije Imlek.<\/p>\n","protected":false},"excerpt":{"rendered":"<p>17. XII 2020 | \u0160ti\u0107enici iz brojnih ustanova za nezbrinutu decu \u0161irom Srbije, ove godine su ispod jelke zatekli mle\u010dne paketi\u0107e kojima ih je obradovala Moja Kravica. U ulozi Deda Mraza na\u0161la se kompanija Imlek, kako bi najmla\u0111ima ulep\u0161ala prazni\u010dne dane. Prazni\u010dna atmosfera je omiljena me\u0111u decom svih uzrasta, a zbog jo\u0161 uvek aktuelne pandemije, [&hellip;]<\/p>\n","protected":false},"author":1,"featured_media":23177,"comment_status":"closed","ping_status":"open","sticky":false,"template":"","format":"standard","meta":{"pgc_sgb_lightbox_settings":""},"categories":[48],"tags":[],"_links":{"self":[{"href":"http:\/\/progressivemagazin.rs\/online\/wp-json\/wp\/v2\/posts\/23176"}],"collection":[{"href":"http:\/\/progressivemagazin.rs\/online\/wp-json\/wp\/v2\/posts"}],"about":[{"href":"http:\/\/progressivemagazin.rs\/online\/wp-json\/wp\/v2\/types\/post"}],"author":[{"embeddable":true,"href":"http:\/\/progressivemagazin.rs\/online\/wp-json\/wp\/v2\/users\/1"}],"replies":[{"embeddable":true,"href":"http:\/\/progressivemagazin.rs\/online\/wp-json\/wp\/v2\/comments?post=23176"}],"version-history":[{"count":1,"href":"http:\/\/progressivemagazin.rs\/online\/wp-json\/wp\/v2\/posts\/23176\/revisions"}],"predecessor-version":[{"id":23178,"href":"http:\/\/progressivemagazin.rs\/online\/wp-json\/wp\/v2\/posts\/23176\/revisions\/23178"}],"wp:featuredmedia":[{"embeddable":true,"href":"http:\/\/progressivemagazin.rs\/online\/wp-json\/wp\/v2\/media\/23177"}],"wp:attachment":[{"href":"http:\/\/progressivemagazin.rs\/online\/wp-json\/wp\/v2\/media?parent=23176"}],"wp:term":[{"taxonomy":"category","embeddable":true,"href":"http:\/\/progressivemagazin.rs\/online\/wp-json\/wp\/v2\/categories?post=23176"},{"taxonomy":"post_tag","embeddable":true,"href":"http:\/\/progressivemagazin.rs\/online\/wp-json\/wp\/v2\/tags?post=23176"}],"curies":[{"name":"wp","href":"https:\/\/api.w.org\/{rel}","templated":true}]}}