{"id":23133,"date":"2020-12-14T12:56:56","date_gmt":"2020-12-14T11:56:56","guid":{"rendered":"http:\/\/progressivemagazin.rs\/online\/?p=23133"},"modified":"2020-12-14T12:58:15","modified_gmt":"2020-12-14T11:58:15","slug":"dugogodisnji-predsednik-borda-kompanije-philip-morris-luis-kamalijeri-se-povukao-na-njegovo-mesto-dolazi-dosadasnji-generalni-direktor-andre-kalancopulos","status":"publish","type":"post","link":"http:\/\/progressivemagazin.rs\/online\/dugogodisnji-predsednik-borda-kompanije-philip-morris-luis-kamalijeri-se-povukao-na-njegovo-mesto-dolazi-dosadasnji-generalni-direktor-andre-kalancopulos\/","title":{"rendered":"DUGOGODI\u0160NJI PREDSEDNIK BORDA KOMPANIJE PHILIP MORRIS LUIS KAMALIJERI SE POVUKAO, NA NJEGOVO MESTO DOLAZI DOSADA\u0160NJI GENERALNI DIREKTOR ANDRE KALANCOPULOS"},"content":{"rendered":"<p><strong>14. XII 2020 |<\/strong> Generalni direktor kompanije Philip Morris International Andre Kalancopulos imenovan je za novog predsednika Borda te kompanije, budu\u0107i da se Luis Kamalijeri, dosada\u0161nji predsednik, povukao sa ove pozicije iz li\u010dnih razloga. Lu\u010dio Noto preuzima funkciju v.d. predsednika dok Kalancopulos ne stupi na novu du\u017enost, dok \u0107e sada\u0161nji direktor operacija u Philip Morrisu, Jacek Olzak, naslediti Kalancopulosa na poziciji generalnog direktora kompanije. Iz kompanije Philip Morris je saop\u0161teno da \u0107e do ovih izmena do\u0107i u maju slede\u0107e godine.<\/p>\n<p>Najavljene promene osigura\u0107e kontinuitet u vo\u0111enju kompanije, budu\u0107i da Kamalijeri, Kalancopulos i Olzak dele istu viziju, te je pod njihovim zajedni\u010dkim vo\u0111stvom kompanija ostvarila zna\u010dajna dostignu\u0107a, uklju\u010duju\u0107i celokupnu transformaciju poslovanja i lidersku poziciju u kategoriji proizvoda bez duvanskog dima.<\/p>\n<p>&#8222;zuzetno mi je drago \u0161to ulogu predsednika Borda prepu\u0161tam Andreu. Podjednako mi je drago \u0161to je Jacek izabran da vodi kompaniju. Kada se osvrnem na svoju 40-godi\u0161nju karijeru u Philip Morrisu, mogu re\u0107i da je bila ogromna privilegija raditi u ovoj divnoj kompaniji, predsedavati njenim Bordom, sara\u0111ivati sa zaposlenima i akcionarima. \u017delim iz sveg srca da se zahvalim svima vama na ovom neverovatnom putovanju koje je na\u0161u kompaniju dovelo na poziciju najprogresivnijeg duvanskog giganta na svetu. Povla\u010dim se sa \u010dvrstim uverenjem da je kompanija u odli\u010dnim rukama i na putu ostvarenju svoje vizije sveta bez duvanskog dima&#8220;, izjavio je Luis Kamelijeri.<\/p>\n<p>&#8222;\u010cast je nastaviti stopama na\u0161eg predsednika i biv\u0161eg generalnog direktora Luisa Kamalijerija. U ime svih lidera na\u0161e kompanije \u017eelim da izrazim svoju duboku zahvalnost za njegov ogroman doprinos na\u0161em uspehu, kao i za njegovu posve\u0107enost i, najva\u017enije od svega, humanost. Pored sjajnog lidera, nedostaja\u0107e nam izuzetna li\u010dnost i prijatelj&#8220;, izjavio je Andre Kalancopulos. &#8222;Za sedam godina otkako sam na mestu generalnog direktora zakora\u010dili smo u budu\u0107nost i ponudili bolje, nau\u010dno dokazane manje \u0161tetne alternative za pu\u0161a\u010de koji bi ina\u010de nastavili da konzumiraju tradicionalne cigarete. Izuzetno mi je drago \u0161to du\u017enost generalnog direktora prepu\u0161tam Jaceku sa kojim ve\u0107 decenijama odli\u010dno sara\u0111ujem. Dobro znam da ga strast prema kompaniji i na\u0161im zaposlenima, \u017eelja za rezultatima i \u0161iroko poznavanje na\u0161ih proizvoda, sistema, vrednosti i investitora \u010dine idealnim liderom koji garantuje nastavak rasta na\u0161eg poslovanja i ostvarivanja vrednosti za akcionare&#8220;, zaklju\u010dio je Kalancopulos.<\/p>\n<p>&#8222;Po\u010dastvovan sam \u0161to imam priliku da predvodim na\u0161u kompaniju. U saradnji sa Andreom na transformaciji poslovanja izgradili smo kapacitete koji omogu\u0107avaju da nastavimo da ostvarujemo zacrtanu zajedni\u010dku viziju. Posve\u0107en sam nastavku te saradnje kao i ogromnoj poslovnoj prilici za budu\u0107nost bez duvanskog dima u korist na\u0161ih potro\u0161a\u010da, akcionara i dru\u0161tva&#8220;, naglasio je Jacek Olzak.<\/p>\n<p>Jacek Olzak ima dugu karijeru u kompaniji Philip Morris. Prethodno je bio na pozicijama u oblasti finansija i op\u0161teg menad\u017emeta \u0161irom Evrope, uklju\u010duju\u0107i funkciju direktora PMI za Poljsku i Nema\u010dku i predsednika za region Evropske unije, da bi 2012. godine bio imenovan za finansijskog direktora. Ima zvanje mastera ekonomije sa Univerziteta u Lo\u0111u u Poljskoj.<\/p>\n","protected":false},"excerpt":{"rendered":"<p>14. XII 2020 | Generalni direktor kompanije Philip Morris International Andre Kalancopulos imenovan je za novog predsednika Borda te kompanije, budu\u0107i da se Luis Kamalijeri, dosada\u0161nji predsednik, povukao sa ove pozicije iz li\u010dnih razloga. Lu\u010dio Noto preuzima funkciju v.d. predsednika dok Kalancopulos ne stupi na novu du\u017enost, dok \u0107e sada\u0161nji direktor operacija u Philip Morrisu, [&hellip;]<\/p>\n","protected":false},"author":1,"featured_media":23136,"comment_status":"closed","ping_status":"open","sticky":false,"template":"","format":"standard","meta":{"pgc_sgb_lightbox_settings":""},"categories":[49],"tags":[],"_links":{"self":[{"href":"http:\/\/progressivemagazin.rs\/online\/wp-json\/wp\/v2\/posts\/23133"}],"collection":[{"href":"http:\/\/progressivemagazin.rs\/online\/wp-json\/wp\/v2\/posts"}],"about":[{"href":"http:\/\/progressivemagazin.rs\/online\/wp-json\/wp\/v2\/types\/post"}],"author":[{"embeddable":true,"href":"http:\/\/progressivemagazin.rs\/online\/wp-json\/wp\/v2\/users\/1"}],"replies":[{"embeddable":true,"href":"http:\/\/progressivemagazin.rs\/online\/wp-json\/wp\/v2\/comments?post=23133"}],"version-history":[{"count":1,"href":"http:\/\/progressivemagazin.rs\/online\/wp-json\/wp\/v2\/posts\/23133\/revisions"}],"predecessor-version":[{"id":23135,"href":"http:\/\/progressivemagazin.rs\/online\/wp-json\/wp\/v2\/posts\/23133\/revisions\/23135"}],"wp:featuredmedia":[{"embeddable":true,"href":"http:\/\/progressivemagazin.rs\/online\/wp-json\/wp\/v2\/media\/23136"}],"wp:attachment":[{"href":"http:\/\/progressivemagazin.rs\/online\/wp-json\/wp\/v2\/media?parent=23133"}],"wp:term":[{"taxonomy":"category","embeddable":true,"href":"http:\/\/progressivemagazin.rs\/online\/wp-json\/wp\/v2\/categories?post=23133"},{"taxonomy":"post_tag","embeddable":true,"href":"http:\/\/progressivemagazin.rs\/online\/wp-json\/wp\/v2\/tags?post=23133"}],"curies":[{"name":"wp","href":"https:\/\/api.w.org\/{rel}","templated":true}]}}