{"id":21669,"date":"2020-05-07T10:17:14","date_gmt":"2020-05-07T09:17:14","guid":{"rendered":"http:\/\/progressivemagazin.rs\/online\/?p=21669"},"modified":"2020-05-07T10:17:14","modified_gmt":"2020-05-07T09:17:14","slug":"novi-univerexport-u-novom-sadu","status":"publish","type":"post","link":"http:\/\/progressivemagazin.rs\/online\/novi-univerexport-u-novom-sadu\/","title":{"rendered":"NOVI UNIVEREXPORT U NOVOM SADU"},"content":{"rendered":"<p><strong>07. V 2020. |<\/strong> Novi Sad, u kome je kompanija Univerexport napravila svoje prve korake pre 30 godina, dobio je jo\u0161 jedno novo mesto za kupovinu. Na adresi Branka Baji\u0107a 9, 30. aprila je otvoren novi prodajni objekat kompanije Univerexport, najve\u0107eg doma\u0107eg trgovinskog lanca u zemlji.<\/p>\n<p>Prodajnog prostora oko 300m\u00b2, sa posebnim odeljenjima vo\u0107a i povr\u0107a, sve\u017eeg mesa, delikatesa, zdrave i organske hrane, nova kom\u0161ijska radnja \u0107e ponuditi potro\u0161a\u010dima na Novoj Detelinari iskustvo kupovine u doma\u0107em trgovinskom lancu. Sa pa\u017eljivo odabranim asortimanom koji broji blizu 5.000 artikala, potro\u0161a\u010di \u0107e na jednom mestu mo\u0107i da kupe sve \u0161to im je neophodno. Radno vreme nove prodavnice je od 7 do 22 \u010dasa, svakim danom od ponedeljka do nedelje.<\/p>\n<p>U skladu sa zdravstvenom situacijom u svetu, na dan otvaranja podeljeno je 1.000 dezinfekcionih sredstava, preduzete su sve mere za\u0161tite, a posebna pa\u017enja usmerena na broj potro\u0161a\u010da unutar same prodavnice.<\/p>\n<p>Univerexport \u0107e nastaviti sa \u0161irenjem svoje prodajne mre\u017ee otvaranjem novih prodavnica u Beogradu tokom maja meseca.<\/p>\n","protected":false},"excerpt":{"rendered":"<p>07. V 2020. | Novi Sad, u kome je kompanija Univerexport napravila svoje prve korake pre 30 godina, dobio je jo\u0161 jedno novo mesto za kupovinu. Na adresi Branka Baji\u0107a 9, 30. aprila je otvoren novi prodajni objekat kompanije Univerexport, najve\u0107eg doma\u0107eg trgovinskog lanca u zemlji. Prodajnog prostora oko 300m\u00b2, sa posebnim odeljenjima vo\u0107a i [&hellip;]<\/p>\n","protected":false},"author":1,"featured_media":21670,"comment_status":"closed","ping_status":"open","sticky":false,"template":"","format":"standard","meta":{"pgc_sgb_lightbox_settings":""},"categories":[47],"tags":[66],"_links":{"self":[{"href":"http:\/\/progressivemagazin.rs\/online\/wp-json\/wp\/v2\/posts\/21669"}],"collection":[{"href":"http:\/\/progressivemagazin.rs\/online\/wp-json\/wp\/v2\/posts"}],"about":[{"href":"http:\/\/progressivemagazin.rs\/online\/wp-json\/wp\/v2\/types\/post"}],"author":[{"embeddable":true,"href":"http:\/\/progressivemagazin.rs\/online\/wp-json\/wp\/v2\/users\/1"}],"replies":[{"embeddable":true,"href":"http:\/\/progressivemagazin.rs\/online\/wp-json\/wp\/v2\/comments?post=21669"}],"version-history":[{"count":1,"href":"http:\/\/progressivemagazin.rs\/online\/wp-json\/wp\/v2\/posts\/21669\/revisions"}],"predecessor-version":[{"id":21671,"href":"http:\/\/progressivemagazin.rs\/online\/wp-json\/wp\/v2\/posts\/21669\/revisions\/21671"}],"wp:featuredmedia":[{"embeddable":true,"href":"http:\/\/progressivemagazin.rs\/online\/wp-json\/wp\/v2\/media\/21670"}],"wp:attachment":[{"href":"http:\/\/progressivemagazin.rs\/online\/wp-json\/wp\/v2\/media?parent=21669"}],"wp:term":[{"taxonomy":"category","embeddable":true,"href":"http:\/\/progressivemagazin.rs\/online\/wp-json\/wp\/v2\/categories?post=21669"},{"taxonomy":"post_tag","embeddable":true,"href":"http:\/\/progressivemagazin.rs\/online\/wp-json\/wp\/v2\/tags?post=21669"}],"curies":[{"name":"wp","href":"https:\/\/api.w.org\/{rel}","templated":true}]}}