{"id":21187,"date":"2020-03-16T11:48:18","date_gmt":"2020-03-16T10:48:18","guid":{"rendered":"http:\/\/progressivemagazin.rs\/online\/?p=21187"},"modified":"2020-03-16T11:49:08","modified_gmt":"2020-03-16T10:49:08","slug":"odlazak-vizionara-preminuo-slobodan-radun-vlasnik-i-osnivac-nectar-grupe","status":"publish","type":"post","link":"http:\/\/progressivemagazin.rs\/online\/odlazak-vizionara-preminuo-slobodan-radun-vlasnik-i-osnivac-nectar-grupe\/","title":{"rendered":"ODLAZAK VIZIONARA: PREMINUO SLOBODAN RADUN \u2013 VLASNIK I OSNIVA\u010c NECTAR GRUPE"},"content":{"rendered":"<p><strong>16. III 2020 |<\/strong> Kompanija Nectar sa velikim i dubokim \u017ealjenjem obave\u0161tava javnost da je, nakon duge bolesti, preminuo vlasnik i osniva\u010d Nectar grupe Slobodan Radun.<\/p>\n<p>Napustio nas je veliki \u010dovek i vizionar, osniva\u010d kompanije koja je postala gigant u regionalnoj proizvodnji vo\u0107nih sokova i preradi vo\u0107a i povr\u0107a.<\/p>\n<p>Zahvaljuju\u0107i njegovoj viziji, porodi\u010dnim vrednostima, ogromnoj energiji, stru\u010dnosti, znanju, hrabrosti od jednog malog preduzetni\u010dkog poduhvata 1998. godine do danas izgra\u0111ena je kompanija koja je apsolutni lider u region, ali i prepoznatljiva van regionalnih okvira. Svojim radom ostavio je neizbrisiv trag na privredni razvoj Srbije.<\/p>\n<p>&nbsp;<\/p>\n<p><b>Nikada mu nije bilo svejedno <\/b>pa je ne samo ugradio svoj moto u slogan kompanije ve\u0107 je sa tim stavom svakog dana \u017eiveo i radio. To je bio njegov stav prema \u017eivotu, poslu, porodici, svim zaposlenima, saradnicima, proizvodima, potro\u0161a\u010dima.<\/p>\n<p>&nbsp;<\/p>\n<p>Za 21 godinu postojanja, Nectar je izrastao u vode\u0107u kompaniju u jugoisto\u010dnoj Evropi u preradi vo\u0107a i proizvodnji vo\u0107nih sokova. \u2018<b>Jedan srpski san je uspeo\u2019, rekao je Slobodan Radun, na pro\u0161logodi\u0161njem obele\u017eavanju prvog velikog jubileja kompanije. <\/b><\/p>\n<p><b>\u00a0<\/b><\/p>\n<p>Slobodan je izme\u0111u ostalog progla\u0161en za najboljeg menad\u017eera Jugoisto\u010dne Evrope, kao \u010dovek koji je svojim radom i doprinosom menjao svet na bolje, sa svojom porodicom radio, stvarao, gradio bolju budu\u0107nost ne samo za sebe, ve\u0107 za sve oko sebe.<\/p>\n<p>&nbsp;<\/p>\n<p>Ponosan je bio na sve \u010dlanove porodice Radun koji su aktivno sa njim gradili pri\u010du Nectara, i deo su poslovanja kompanije. Ponosan je bio i na sve zaposlene i u Srbiji, Sloveniji, Severnoj Makedoniji.<\/p>\n<p>Bio je aktivno uklju\u010den u planove za dalji razvoj kompanije do samog kraja. Postavio je vizionarske ciljeve za narednih 20 godina, a na svima nama u Nectar grupi ostaje da ih sledimo i odsanjamo srpski san do kraja.<\/p>\n<p>&nbsp;<\/p>\n<p><b>Slobodan Radun preminuo je u 75. godini <\/b><b>\u017e<\/b><b>ivota, iza sebe je ostavio suprugu, dve \u0107erke i sina, petoro unu\u010dadi ali i mnogobrojnu rodbinu kao i Nectar porodicu okupljenu u okvire kompanija: Nectar, Fructal, Heba, Deli\u0161es Hani, Bio Panon, Radun in\u017eenjering, Jugoinspekt &#8211; Novi Sad i Budu\u0107nost.<\/b><\/p>\n<p><b>\u00a0<\/b><\/p>\n<p><b>Vreme i mesto sahrane bi\u0107e naknadno objavljeni.<\/b><\/p>\n","protected":false},"excerpt":{"rendered":"<p>16. III 2020 | Kompanija Nectar sa velikim i dubokim \u017ealjenjem obave\u0161tava javnost da je, nakon duge bolesti, preminuo vlasnik i osniva\u010d Nectar grupe Slobodan Radun. Napustio nas je veliki \u010dovek i vizionar, osniva\u010d kompanije koja je postala gigant u regionalnoj proizvodnji vo\u0107nih sokova i preradi vo\u0107a i povr\u0107a. Zahvaljuju\u0107i njegovoj viziji, porodi\u010dnim vrednostima, ogromnoj [&hellip;]<\/p>\n","protected":false},"author":1,"featured_media":21188,"comment_status":"closed","ping_status":"open","sticky":false,"template":"","format":"standard","meta":{"pgc_sgb_lightbox_settings":""},"categories":[47],"tags":[],"_links":{"self":[{"href":"http:\/\/progressivemagazin.rs\/online\/wp-json\/wp\/v2\/posts\/21187"}],"collection":[{"href":"http:\/\/progressivemagazin.rs\/online\/wp-json\/wp\/v2\/posts"}],"about":[{"href":"http:\/\/progressivemagazin.rs\/online\/wp-json\/wp\/v2\/types\/post"}],"author":[{"embeddable":true,"href":"http:\/\/progressivemagazin.rs\/online\/wp-json\/wp\/v2\/users\/1"}],"replies":[{"embeddable":true,"href":"http:\/\/progressivemagazin.rs\/online\/wp-json\/wp\/v2\/comments?post=21187"}],"version-history":[{"count":2,"href":"http:\/\/progressivemagazin.rs\/online\/wp-json\/wp\/v2\/posts\/21187\/revisions"}],"predecessor-version":[{"id":21190,"href":"http:\/\/progressivemagazin.rs\/online\/wp-json\/wp\/v2\/posts\/21187\/revisions\/21190"}],"wp:featuredmedia":[{"embeddable":true,"href":"http:\/\/progressivemagazin.rs\/online\/wp-json\/wp\/v2\/media\/21188"}],"wp:attachment":[{"href":"http:\/\/progressivemagazin.rs\/online\/wp-json\/wp\/v2\/media?parent=21187"}],"wp:term":[{"taxonomy":"category","embeddable":true,"href":"http:\/\/progressivemagazin.rs\/online\/wp-json\/wp\/v2\/categories?post=21187"},{"taxonomy":"post_tag","embeddable":true,"href":"http:\/\/progressivemagazin.rs\/online\/wp-json\/wp\/v2\/tags?post=21187"}],"curies":[{"name":"wp","href":"https:\/\/api.w.org\/{rel}","templated":true}]}}