{"id":21155,"date":"2020-03-06T20:06:14","date_gmt":"2020-03-06T19:06:14","guid":{"rendered":"http:\/\/progressivemagazin.rs\/online\/?p=21155"},"modified":"2020-03-06T20:12:18","modified_gmt":"2020-03-06T19:12:18","slug":"razvoj-i-perspektive-privatne-robne-marke-u-srbiji","status":"publish","type":"post","link":"http:\/\/progressivemagazin.rs\/online\/razvoj-i-perspektive-privatne-robne-marke-u-srbiji\/","title":{"rendered":"RAZVOJ I PERSPEKTIVE PRIVATNE ROBNE MARKE U SRBIJI"},"content":{"rendered":"<p><strong>6. III 2020 |<\/strong> 6. marta u Beogradu je odr\u017eana osniva\u010dka skup\u0161tina Asocijacije proizvo\u0111a\u010da robne marke Srbije Serbia Private Label Association koja je okupila proizvo\u0111a\u010de prehrambenih proizvoda u Srbiji, predstavnike maloprodajnih lanaca, distributera i Privredne komore Srbije. Cilj Asocijacije je da promovi\u0161e i podr\u017ei razvoj privatne marke u Srbiji, edukuje i animira ve\u0107e uklju\u010divanje proizvo\u0111a\u010da u ovaj segment i promovi\u0161e Srbiju na me\u0111unarodnom planu kao pogodnu destinaciju za proizvodnju privatnih robnih marki. Doga\u0111aj je bio prilika da se kroz panel diskusiju razgovara o potencijalima, zna\u010daju i perspektivama razvoja privatne robne marke u Srbiji, kao i o razlozima za ve\u0107e uklju\u010divanje doma\u0107ih malih i srednjih preduze\u0107a.<\/p>\n<p>&#8222;Razvoj brendiranog proizvoda je suvi\u0161e skup za ve\u0107inu proizvo\u0111a\u010da. Uklju\u010divanjem privatne robne marke u na\u0161 portfolio stvorili smo mogu\u0107nost za plasman proizvoda, pri tome, ne brinu\u0107i o transportu, brendiranju i marketingu, \u0161to dosta sni\u017eava tro\u0161kove proizvodnje&#8220;, rekla je Marija Milo\u0161evi\u0107, menad\u017eer za izvoz i privatnu robnu marku kompanije Yumis, jednog od najve\u0107ih proizvo\u0111a\u010da privatne robne marke u Srbiji.<\/p>\n<p>&#8222;Privatna robna marka potro\u0161a\u010dima pru\u017ea potvrdu kvaliteta i bezbednosti proizvoda. Tako\u0111e, trgovci kroz privatnu robnu marku mogu br\u017ee da primene inovacije i odgovore na potrebe potro\u0161a\u010da u odnosu na brendove A-kategorije&#8220;, istakao je \u017darko Malinovi\u0107, sekretar za trgovinu, Privredna komora Srbije.<\/p>\n<p>Povod okupljanja je i zavr\u0161etak projekta &#8216;Ja\u010danje kapaciteta prera\u0111iva\u010da voc\u0301a i povrc\u0301a uklju\u010divanjem u privatne robne marke domac\u0301ih i inostranih maloprodajnih lanaca&#8217;. Realizovan je od strane Udru\u017eenja za razvoj preduzetni\u0161tva ENECA, uz podr\u0161ku USAID-ovog Projekta za konkurentnu privredu, a namenjen je ja\u010danju konkurentnosti doma\u0107ih prehrambenih kompanija u ovom segmentu trgovine<\/p>\n<p>&#8222;Dolaskom trgovinskih lanaca u Srbiju, primetan je trend porasta kupovine privatnih robnih marki, jer potro\u0161a\u010di \u017eele inovativnije proizvode i \u0161iri asortiman koji su im na raspolaganju. Zbog toga smo i osnovali ovu asocijaciju kao platformu koja povezuje sve aktere ovog segmenta, pru\u017eaju\u0107i time mogu\u0107nost za povezivanje doma\u0107ih proizvo\u0111a\u010da i trgovinskih lanaca, te pove\u0107anje prodaje i izvoza doma\u0107ih proizvoda&#8220;, istakao je tokom panela Milivoje Jovanovi\u0107, predstavnik udru\u017eenja ENECA i jedan od osniva\u010da Asocijacije proizvo\u0111a\u010da robne marke Srbije.<\/p>\n","protected":false},"excerpt":{"rendered":"<p>6. III 2020 | 6. marta u Beogradu je odr\u017eana osniva\u010dka skup\u0161tina Asocijacije proizvo\u0111a\u010da robne marke Srbije Serbia Private Label Association koja je okupila proizvo\u0111a\u010de prehrambenih proizvoda u Srbiji, predstavnike maloprodajnih lanaca, distributera i Privredne komore Srbije. Cilj Asocijacije je da promovi\u0161e i podr\u017ei razvoj privatne marke u Srbiji, edukuje i animira ve\u0107e uklju\u010divanje proizvo\u0111a\u010da [&hellip;]<\/p>\n","protected":false},"author":1,"featured_media":21163,"comment_status":"closed","ping_status":"open","sticky":false,"template":"","format":"standard","meta":{"pgc_sgb_lightbox_settings":""},"categories":[47],"tags":[],"_links":{"self":[{"href":"http:\/\/progressivemagazin.rs\/online\/wp-json\/wp\/v2\/posts\/21155"}],"collection":[{"href":"http:\/\/progressivemagazin.rs\/online\/wp-json\/wp\/v2\/posts"}],"about":[{"href":"http:\/\/progressivemagazin.rs\/online\/wp-json\/wp\/v2\/types\/post"}],"author":[{"embeddable":true,"href":"http:\/\/progressivemagazin.rs\/online\/wp-json\/wp\/v2\/users\/1"}],"replies":[{"embeddable":true,"href":"http:\/\/progressivemagazin.rs\/online\/wp-json\/wp\/v2\/comments?post=21155"}],"version-history":[{"count":1,"href":"http:\/\/progressivemagazin.rs\/online\/wp-json\/wp\/v2\/posts\/21155\/revisions"}],"predecessor-version":[{"id":21157,"href":"http:\/\/progressivemagazin.rs\/online\/wp-json\/wp\/v2\/posts\/21155\/revisions\/21157"}],"wp:featuredmedia":[{"embeddable":true,"href":"http:\/\/progressivemagazin.rs\/online\/wp-json\/wp\/v2\/media\/21163"}],"wp:attachment":[{"href":"http:\/\/progressivemagazin.rs\/online\/wp-json\/wp\/v2\/media?parent=21155"}],"wp:term":[{"taxonomy":"category","embeddable":true,"href":"http:\/\/progressivemagazin.rs\/online\/wp-json\/wp\/v2\/categories?post=21155"},{"taxonomy":"post_tag","embeddable":true,"href":"http:\/\/progressivemagazin.rs\/online\/wp-json\/wp\/v2\/tags?post=21155"}],"curies":[{"name":"wp","href":"https:\/\/api.w.org\/{rel}","templated":true}]}}