{"id":19425,"date":"2019-06-19T13:55:41","date_gmt":"2019-06-19T12:55:41","guid":{"rendered":"http:\/\/progressivemagazin.rs\/online\/?p=19425"},"modified":"2019-06-19T13:55:41","modified_gmt":"2019-06-19T12:55:41","slug":"21-sempl","status":"publish","type":"post","link":"http:\/\/progressivemagazin.rs\/online\/21-sempl\/","title":{"rendered":"21. SEMPL"},"content":{"rendered":"<p><b>&#8222;Ve\u0161ta\u010dkim glasom te\u0161ko je izazvati emocije&#8220;<\/b><\/p>\n<p>Tako ka\u017ee Ema Rodero (Emma Rodero), istra\u017eiva\u010d i profesor na odeljenju za komunikaciju na Univerzitetu Pompeu Fabra (\u0160panija), koja se u okviru rada u laboratoriji Media Psychology Lab izme\u0111u ostalog bavi merenjem psihofiziolo\u0161kog odziva slu\u0161alaca i analizira, kako zvuk i glas mogu da pobolj\u0161aju nivo pa\u017enje, pam\u0107enja i razumevanja medijskih poruka.<\/p>\n<p><a href=\"http:\/\/progressivemagazin.rs\/online\/wp-content\/uploads\/2019\/06\/Emma-Rodero.jpg\"><img decoding=\"async\" loading=\"lazy\" class=\"alignnone size-full wp-image-19428\" alt=\"Emma Rodero\" src=\"http:\/\/progressivemagazin.rs\/online\/wp-content\/uploads\/2019\/06\/Emma-Rodero.jpg\" width=\"2757\" height=\"2482\" srcset=\"http:\/\/progressivemagazin.rs\/online\/wp-content\/uploads\/2019\/06\/Emma-Rodero.jpg 2757w, http:\/\/progressivemagazin.rs\/online\/wp-content\/uploads\/2019\/06\/Emma-Rodero-300x270.jpg 300w, http:\/\/progressivemagazin.rs\/online\/wp-content\/uploads\/2019\/06\/Emma-Rodero-1024x921.jpg 1024w\" sizes=\"(max-width: 2757px) 100vw, 2757px\" \/><\/a>&#8222;Zanimljivo je koliko malo pa\u017enje robne marke posve\u0107uju glasu i zvukovima. \u010cini se kao da su zvu\u010dni efekti u potpunosti nestali, \u0161to je velika \u0161teta. Naime, sva moja istra\u017eivanja pokazuju da oni na potro\u0161a\u010de imaju veoma veliki uticaj,&#8220; ka\u017ee Ema Rodero <a href=\"http:\/\/www.sempl.si\/sl\/speakers\/emma-rodero\/\">(Emma Rodero)<\/a>, koja \u0107e biti jedan od klju\u010dnih govornika <a href=\"http:\/\/www.sempl.si\/sl\/\">21. konferencije medijskih trendova SEMPL<\/a>, koja \u0107e se odr\u017eati 28. i 29. novembra u hotelu Bernardin u Portoro\u017eu.<\/p>\n<p>Emu \u0107e vi\u0161e od hiljadu trista u\u010desnika ovogodi\u0161nje konferencije \u010duti kako im govori da odgovaraju\u0107i glasovi i zvukovi mogu da pove\u0107aju pa\u017enju potro\u0161a\u010da, koje treba izbegavati, a koji stvaraju ose\u0107aj neprijatnosti, \u0161to mo\u017ee biti velika pomo\u0107 pre svega prilikom javnih nastupa. Kakvi zvukovi pove\u0107avaju motivaciju i stvaraju ja\u010di emotivni odgovor, kako pove\u0107ati podse\u0107anje na poruku koja se \u010dula i \u0161ta je ono \u0161to kod zvuka i glasa pove\u0107ava uklju\u010denost potro\u0161a\u010da u poruku. U\u010desnici ne\u0107e samo saznati \u0161ta su zaklju\u010dci istra\u017eivanja, ve\u0107 \u0107e slu\u0161ati i o tome kako se ona sprovode. Za\u0161to je va\u017eno merenje fiziolo\u0161kih odziva pojedinaca i kolika je dodata vrednost mernog trougla svesnog odziva pojedinaca na glas i zvuk.<\/p>\n<p>Govornik \u0107e se dota\u0107i i sve omiljenije teme ve\u0161ta\u010dkih glasova: &#8222;Ve\u0161ta\u010dki glasovi su adekvatni za kra\u0107e poruke. U pore\u0111enju sa ljudskim nemaju mnogo elemenata koji stvaraju emocije. Oni tako\u0111e imaju uvek isti ritam, a fali im i intonacija. Rezultati na\u0161eg istra\u017eivanja su jasni, ljudi su emotivna bi\u0107a i zato vi\u0161e vole ljudski glas&#8220;, tvrdi gospo\u0111a Rodero.<\/p>\n<p>A zvuk i glas nisu va\u017eni samo u ogla\u0161avanju, ve\u0107 i u medijima. Ema Rodero (Emma Rodero) \u0107e objasniti kako mo\u017ee zbog nedovoljnih kvalifikacija kadra, koji se bavi sinhronizacijom, televizijskim ili radio voditeljstvom i najavljivanjem do\u0107i do neodgovaraju\u0107eg i pogre\u0161nog kori\u0161\u0107enja glasa. Objasni\u0107e za\u0161to je bitan trening vokalnih tehnika, kakvu ulogu i uticaj ima intonacija i za\u0161to je prirodni glas najbolja odlika govornika.<\/p>\n<p>&nbsp;<\/p>\n<p><b>Problem je su\u0161tinski pokreta\u010d inovacija<\/b><\/p>\n<p>Na 21. konferenciji medijskih trendova SEMPL, koja \u0107e se odr\u017eati 28. i 29. novembra u Portoro\u017eu, u\u010desnici \u0107e izme\u0111u ostalog saznati za\u0161to osnov inovacije nisu ideje, ve\u0107 su od su\u0161tinskog zna\u010daja dobri, smisaoni problemi. &#8222;Jedan od na\u010dina tra\u017eenja dobrog problema je da potra\u017eite ne\u0161to, \u0161to ljudi poku\u0161avaju da zaobi\u0111u u svakodnevnom \u017eivotu. Ako prepoznate takav problem, do\u0107i \u0107e i ideje&#8220;, uveren je uspe\u0161ni preduzetnik, izvr\u0161ni direktor i jedan od najva\u017enijih stru\u010dnjaka u oblasti inovacija Greg Satell.<\/p>\n<p><a href=\"http:\/\/progressivemagazin.rs\/online\/wp-content\/uploads\/2019\/06\/Greg-Satell1.jpg\"><img decoding=\"async\" loading=\"lazy\" class=\"alignnone size-full wp-image-19429\" alt=\"Greg Satell1\" src=\"http:\/\/progressivemagazin.rs\/online\/wp-content\/uploads\/2019\/06\/Greg-Satell1.jpg\" width=\"1154\" height=\"1732\" srcset=\"http:\/\/progressivemagazin.rs\/online\/wp-content\/uploads\/2019\/06\/Greg-Satell1.jpg 1154w, http:\/\/progressivemagazin.rs\/online\/wp-content\/uploads\/2019\/06\/Greg-Satell1-199x300.jpg 199w, http:\/\/progressivemagazin.rs\/online\/wp-content\/uploads\/2019\/06\/Greg-Satell1-682x1024.jpg 682w\" sizes=\"(max-width: 1154px) 100vw, 1154px\" \/><\/a>Govornik i konsultant Greg Satell je me\u0111u svojim dostignu\u0107ima najponosniji na svoj rad u Korespondent magazinu u Ukrajini, gde su kao najva\u017enija nezavisna novinarska organizacija igrali va\u017enu ulogu u narand\u017eastoj revoluciji odnosno pozitivnoj transformaciji dr\u017eave. Na primerima socijalne, dru\u0161tvene i politi\u010dke transformacije vukao je paralele sa transformacijom poslovanja, upravljanja zaposlenima i potro\u0161a\u010dima i ispunjavao praznine u literaturi o upravljanju promenama na na\u010din, koji se do sada nije mogao na\u0107i. &#8222;Klju\u010dno je da kod uvo\u0111enja promena budete spremni na otpor. Dakle, treba vam plan za podr\u0161ku promenama koje \u017eelite da uvedete i istovremeno plan protiv otpora&#8220;, uveren je Satell.<\/p>\n<p>Autor knjiga Mapping innovation i Cascades: How to Create a Movement that Drives Transformational Change u prvoj knjizi o inovaciji ne govori samo kao o jednokratnom doga\u0111aju, ve\u0107 kao o procesu otkrivanja, in\u017eenjeringa i transformacije. A poslednja knjiga govori o transformaciji. &#8222;Odu\u0161evilo me kako u vreme revolucije na hiljade razli\u010ditih ljudi, koji bi u nekim normalnim okolnostima radili hiljadu razli\u010ditih stvari, odjednom rade istu stvar. Naravno, odmah me interesovalo kako bih to mogao da prenesem u poslovanje. Kako bih mogao potro\u0161a\u010de, koji \u017eele da kupe toliko razli\u010ditih stvari, da usmerim u kupovinu onoga \u0161to bih \u017eeleo da im prodam&#8220;, govori Satell o inicijalnim idejama za svoju poslednju knjigu.<\/p>\n<p>Ina\u010de, Satell je izme\u0111u ostalog i autor uspe\u0161nog bloga, zbog kog ga je svetski poznati portal Innovation Excellence svrstao na drugo mesto liste &#8216;Top 40 blogera o inovacijama&#8217;, a IDG kao jednog od &#8217;10 digitalnih transformatora koje valja pratiti&#8217;. &#8222;Nadam se da to zna\u010di da moj rad poma\u017ee ljudima. To je naime sve \u0161to \u017eelim, da pru\u017eim pomo\u0107,&#8220; skromno komentari\u0161e dostignu\u0107a vredna pa\u017enje jedan od centralnih govornika ovogodi\u0161nje konferencije.<\/p>\n<p>&nbsp;<\/p>\n<p><strong>Pozivamo vas 28. i 29. novembra u Portoro\u017e, gde \u0107ete imati priliku da \u010dujete brojne globalno prepoznatljive glasove, a ne\u0107e faliti ni zanimljivih zvukova. <a href=\"http:\/\/www.sempl.si\/sl\/choose-your-pass\/\">Brze prijave za 21.<\/a><a href=\"http:\/\/www.sempl.si\/sl\/choose-your-pass\/\"> SEMPL<\/a> na raspolaganju su ve\u0107 za 190 evra.<\/strong><\/p>\n","protected":false},"excerpt":{"rendered":"<p>&#8222;Ve\u0161ta\u010dkim glasom te\u0161ko je izazvati emocije&#8220; Tako ka\u017ee Ema Rodero (Emma Rodero), istra\u017eiva\u010d i profesor na odeljenju za komunikaciju na Univerzitetu Pompeu Fabra (\u0160panija), koja se u okviru rada u laboratoriji Media Psychology Lab izme\u0111u ostalog bavi merenjem psihofiziolo\u0161kog odziva slu\u0161alaca i analizira, kako zvuk i glas mogu da pobolj\u0161aju nivo pa\u017enje, pam\u0107enja i razumevanja [&hellip;]<\/p>\n","protected":false},"author":1,"featured_media":19427,"comment_status":"closed","ping_status":"open","sticky":false,"template":"","format":"standard","meta":{"pgc_sgb_lightbox_settings":""},"categories":[49],"tags":[],"_links":{"self":[{"href":"http:\/\/progressivemagazin.rs\/online\/wp-json\/wp\/v2\/posts\/19425"}],"collection":[{"href":"http:\/\/progressivemagazin.rs\/online\/wp-json\/wp\/v2\/posts"}],"about":[{"href":"http:\/\/progressivemagazin.rs\/online\/wp-json\/wp\/v2\/types\/post"}],"author":[{"embeddable":true,"href":"http:\/\/progressivemagazin.rs\/online\/wp-json\/wp\/v2\/users\/1"}],"replies":[{"embeddable":true,"href":"http:\/\/progressivemagazin.rs\/online\/wp-json\/wp\/v2\/comments?post=19425"}],"version-history":[{"count":1,"href":"http:\/\/progressivemagazin.rs\/online\/wp-json\/wp\/v2\/posts\/19425\/revisions"}],"predecessor-version":[{"id":19430,"href":"http:\/\/progressivemagazin.rs\/online\/wp-json\/wp\/v2\/posts\/19425\/revisions\/19430"}],"wp:featuredmedia":[{"embeddable":true,"href":"http:\/\/progressivemagazin.rs\/online\/wp-json\/wp\/v2\/media\/19427"}],"wp:attachment":[{"href":"http:\/\/progressivemagazin.rs\/online\/wp-json\/wp\/v2\/media?parent=19425"}],"wp:term":[{"taxonomy":"category","embeddable":true,"href":"http:\/\/progressivemagazin.rs\/online\/wp-json\/wp\/v2\/categories?post=19425"},{"taxonomy":"post_tag","embeddable":true,"href":"http:\/\/progressivemagazin.rs\/online\/wp-json\/wp\/v2\/tags?post=19425"}],"curies":[{"name":"wp","href":"https:\/\/api.w.org\/{rel}","templated":true}]}}