{"id":18277,"date":"2019-02-18T14:18:18","date_gmt":"2019-02-18T13:18:18","guid":{"rendered":"http:\/\/progressivemagazin.rs\/online\/?p=18277"},"modified":"2019-02-18T14:18:18","modified_gmt":"2019-02-18T13:18:18","slug":"sima","status":"publish","type":"post","link":"http:\/\/progressivemagazin.rs\/online\/sima\/","title":{"rendered":"POZIVNICA ZA POLJOPRIVREDNI SAJAM SIMA 2019. U PARIZU"},"content":{"rendered":"<p><span style=\"color: #ff0000;\">ODR\u017dAVA SE OD 24 DO 28. FEBRUARA 2019.<\/span><\/p>\n<p>&nbsp;<\/p>\n<p>Pozivamo vas da posetite vrhunski poljoprivredni sajam SIMA. I ovaj put sajam SIMA obara sve rekorde. Sajam se odr\u017eava od 24.02. do 28.02.2019 u Parizu. Sav izlo\u017ebeni prostor je popunjen. Imamo 114 novih izlaga\u010da (40% vi\u0161e nego u 2017 godini), a od toga 12,5% stranih izlaga\u010da. Zato s pravom ka\u017eemo da smo nezaobilazan sajam i va\u017ean doga\u0111aj za profesionalne poljoprivrednike \u0161irom sveta!<\/p>\n<p>&nbsp;<\/p>\n<p><span style=\"color: #ff6600;\"><strong>OVAJ SAJAM JE MESTO GDE SE SUSRE\u0106U POLJOPRIVREDNICI IZ CELOG SVETA<\/strong><\/span><\/p>\n<p><strong>\u00a0<\/strong><\/p>\n<p>SIMA je sajam kome streme svi vidovi poljoprivrede i proizvo\u0111a\u010di \u0161irom sveta. Na SIMI o\u010dekujemo 1.770 izlaga\u010da iz 42 zemlje, 230.000 poseta profesionalaca iz 135 zemalja i 360 stranih delegacija. Broj stranih izlaga\u010da se stalno pove\u0107ava. Ovog puta bele\u017eimo rast od 12,5%. Nove kompanije izla\u017eu i nove robne marke. Kompanije Poclain Hidraulika &#8211; Francuska, GKN Valterscheid &#8211; Nema\u010dka i Basak Tractor &#8211; Turska itd.<\/p>\n<p>&nbsp;<\/p>\n<p><span style=\"color: #ff6600;\"><strong>TR\u017dI\u0160TE ZA SVETSKU POLJOPRIVREDU U SVOJ SVOJOJ RAZNOLIKOSTI<\/strong><\/span><\/p>\n<p><strong>\u00a0<\/strong><\/p>\n<p>SIMA 2019 je posve\u0107ena inovacijama radi konkurentnije poljoprivrede &#8211; SIMA \u201cInnovation for competitive agriculture\u201d. Predstavljamo dana\u0161nju poljoprivredu u svoj svojoj raznolikosti. Bogati sadr\u017eaji s fokusom na posao.<\/p>\n<ul>\n<li>SIMA African Summit je me\u0111unarodni skup s ciljem upoznavanja svih brzo rastu\u0107ih tr\u017ei\u0161ta u Africi.<\/li>\n<li>Na SIMA Dealers Day dovodimo dilere iz celog sveta.<\/li>\n<li>Okrugli stolovi gde raspravljamo o izazovima i pobolj\u0161anjima u poljoprivredi (organski uzgoj, agronomija, itd.)<\/li>\n<li>Start-up Villages, za digitalna i umre\u017eena re\u0161enja u poljoprivredi.<\/li>\n<li>SIMAGENA, stoka, genetika, uzgoj.<\/li>\n<\/ul>\n<p>&nbsp;<\/p>\n<p><span style=\"color: #ff6600;\"><strong>IDEMO GLOBALNO<\/strong><\/span><\/p>\n<p><strong>\u00a0<\/strong><\/p>\n<p>Sajam SIMA 2019 smo promovisali globalno kroz svoju mre\u017eu od 49 kancelarija i predstavnika, i preko posetilaca koje smo pa\u017eljivo odabrali a koji dolaze iz 90 zemalja. Fokus je na Isto\u010dnoj Evropi i Latinskoj Americi. I ove godine o\u010dekujemo posetioce iz 135 zemalja.\u00a0<em>&#8222;SIMA je na\u0161 prozor u svet. To je jedinstvena prilika za sve one koji \u017eive od uzgoja ili poljoprivrede da do\u0111u i pogledaju najraznovrsniju ponudu ma\u0161ina, opreme i tehnologije. Svakom od na\u0161ih izlaga\u010da pru\u017eamo priliku da se sretne sa poljoprivrednicima iz svih zemalja sveta, razli\u010ditih kultura i koji uzgajaju \u017eitarice, bilje ili ne\u0161to tre\u0107e. Mislim da mo\u017eemo sa sigurno\u0161\u0107u re\u0107i da \u0107emo ponovo imati veoma uspe\u0161an sajam SIMA&#8220;<\/em>. Frederic Martin, Predsednik AXEMA i SIMA.<\/p>\n<p>&nbsp;<\/p>\n<p><span style=\"color: #ff6600;\"><strong>U dodatku, na linku<\/strong><\/span>\u00a0<a href=\"https:\/\/badge.simaonline.com\/accueil.htm?super_code=ARCADRI19\" target=\"_blank\">https:\/\/badge.simaonline.com\/accueil.htm?super_code=ARCADRI19<\/a><strong>\u00a0<span style=\"color: #ff6600;\">mo\u017eete se\u00a0registrovati i dobi\u0107ete jednu besplatnu ulaznicu.<\/span><\/strong><br \/>\nTatiana Matija\u0161evi\u0107 M\u00e9dros.\u00a0<span style=\"color: #ff6600;\"><strong>Promosalons Arc Adriatique.<\/strong>\u00a0<\/span>Mail:<a href=\"mailto:tmedros@promosalons.com\" target=\"_blank\">tmedros@promosalons.com<\/a>\u00a0<strong><span style=\"color: #ff6600;\">Pratite nas i postavite pitanja na Facebooku\u00a0na<\/span>\u00a0<\/strong><a href=\"https:\/\/www.facebook.com\/FRANCUSKISAJMOVI\/\" target=\"_blank\">https: \/\/www.facebook.com\/FRANCUSKISAJMOVI\/<\/a><\/p>\n<p><a href=\"http:\/\/www.simaonline.com\/\" target=\"_blank\">www.simaonline.com<\/a><\/p>\n","protected":false},"excerpt":{"rendered":"<p>ODR\u017dAVA SE OD 24 DO 28. FEBRUARA 2019. &nbsp; Pozivamo vas da posetite vrhunski poljoprivredni sajam SIMA. I ovaj put sajam SIMA obara sve rekorde. Sajam se odr\u017eava od 24.02. do 28.02.2019 u Parizu. Sav izlo\u017ebeni prostor je popunjen. Imamo 114 novih izlaga\u010da (40% vi\u0161e nego u 2017 godini), a od toga 12,5% stranih izlaga\u010da. [&hellip;]<\/p>\n","protected":false},"author":1,"featured_media":18127,"comment_status":"closed","ping_status":"open","sticky":false,"template":"","format":"standard","meta":{"pgc_sgb_lightbox_settings":""},"categories":[49],"tags":[],"_links":{"self":[{"href":"http:\/\/progressivemagazin.rs\/online\/wp-json\/wp\/v2\/posts\/18277"}],"collection":[{"href":"http:\/\/progressivemagazin.rs\/online\/wp-json\/wp\/v2\/posts"}],"about":[{"href":"http:\/\/progressivemagazin.rs\/online\/wp-json\/wp\/v2\/types\/post"}],"author":[{"embeddable":true,"href":"http:\/\/progressivemagazin.rs\/online\/wp-json\/wp\/v2\/users\/1"}],"replies":[{"embeddable":true,"href":"http:\/\/progressivemagazin.rs\/online\/wp-json\/wp\/v2\/comments?post=18277"}],"version-history":[{"count":1,"href":"http:\/\/progressivemagazin.rs\/online\/wp-json\/wp\/v2\/posts\/18277\/revisions"}],"predecessor-version":[{"id":18278,"href":"http:\/\/progressivemagazin.rs\/online\/wp-json\/wp\/v2\/posts\/18277\/revisions\/18278"}],"wp:featuredmedia":[{"embeddable":true,"href":"http:\/\/progressivemagazin.rs\/online\/wp-json\/wp\/v2\/media\/18127"}],"wp:attachment":[{"href":"http:\/\/progressivemagazin.rs\/online\/wp-json\/wp\/v2\/media?parent=18277"}],"wp:term":[{"taxonomy":"category","embeddable":true,"href":"http:\/\/progressivemagazin.rs\/online\/wp-json\/wp\/v2\/categories?post=18277"},{"taxonomy":"post_tag","embeddable":true,"href":"http:\/\/progressivemagazin.rs\/online\/wp-json\/wp\/v2\/tags?post=18277"}],"curies":[{"name":"wp","href":"https:\/\/api.w.org\/{rel}","templated":true}]}}