{"id":18170,"date":"2019-02-11T12:45:32","date_gmt":"2019-02-11T11:45:32","guid":{"rendered":"http:\/\/progressivemagazin.rs\/online\/?p=18170"},"modified":"2019-02-11T13:45:47","modified_gmt":"2019-02-11T12:45:47","slug":"kompanija-ey-sedmu-godinu-za-redom-dodeljuje-priznanje-ey-preduzetnik-godine","status":"publish","type":"post","link":"http:\/\/progressivemagazin.rs\/online\/kompanija-ey-sedmu-godinu-za-redom-dodeljuje-priznanje-ey-preduzetnik-godine\/","title":{"rendered":"KOMPANIJA EY SEDMU GODINU ZAREDOM DODELJUJE PRIZNANJE &#8216;EY PREDUZETNIK GODINE&#8217;"},"content":{"rendered":"<p><strong>11. II 2019. |<\/strong> Na konferenciji za medije odr\u017eanoj 7. februara revizorsko-konsultantska kompanija EY najavila je sedmi po redu izbor za priznanje &#8216;EY Preduzetnik godine\u2122&#8217;. Iz kompanije navode da kontinuiran rast broja kandidata iz godine u godinu potvr\u0111uje da u Srbiji postoji veliki potencijal za opstanak i razvoj preduzetni\u0161tva. Gotovo 200 preduzetnika koji su se za ovo priznanje takmi\u010dili u prethodnih 7 godina zapo\u0161ljava 18.000 ljudi, a samo u prethodnoj godini ti preduzetnici ostvarili su poslovni prihod od neverovatnih 156 milijardi dinara.<\/p>\n<p>&#8222;EY Preduzetnik godine nam pru\u017ea veliku \u010dast da upoznamo i ispratimo najuspe\u0161nije pri\u010de u na\u0161oj zemlji. Tako\u0111e, ova privilegija istovremeno je i na\u0161a obaveza da svake godine budemo \u0161to bolji. Ovogodi\u0161nji odabir kandidata svakako je prevazi\u0161ao na\u0161a o\u010dekivanja, s obzirom na to da se za nagradu EY Preduzetnik godine takmi\u010di 33 kandidata koji su samo u 2017. godini ostvarili poslovne prihode od 23 milijarde dinara i zaposlili preko 2.000 ljudi. Naro\u010dito sam ponosan na \u010dinjenicu da je ovogodi\u0161nji izbor zabele\u017eio i najve\u0107i broj inovativnih kompanija, od kako program &#8216;EY Preduzetnik godineTM&#8217; postoji u Srbiji. O uspe\u0161nosti srpskog preduzetni\u0161tva svedo\u010di i \u010dinjenica da se za sedam godina koliko na\u0161 program postoji izdvojilo gotovo 200 kanididata koji predstavljaju najsvetlije primere doma\u0107e privrede&#8220;, izjavio je Ivan Raki\u0107, Rukovode\u0107i Partner kompanije EY za Srbiju, Crnu Goru i Bosnu-Hercegovinu.<\/p>\n<p>&#8222;Podr\u0161ka razvoju malih i srednjih preduze\u0107a, kao i promocija dobrih primera iz prakse, jedan je od zadataka za sve nas koji aktivno radimo na unapre\u0111enju konkurentskih prednosti doma\u0107e privrede. Iz tog razloga, izbor za EY Preduzetnika godine je projekat u kom \u0107e ProCredit banka u\u010destvovati, a sve u \u017eelji da pru\u017eimo svoj maksimalan doprinos promociji najuspe\u0161nijih i najboljih doma\u0107ih preduze\u0107a i to kako na nacionalnom, tako i na me\u0111unarodnom nivou. ProCredit banka \u0107e u 2019. godini nastaviti da podr\u017eava malu i srednju privredu u Srbiji, kao i da kroz veliki broj povoljnih programa omogu\u0107i realizaciju poslovnih planova koji direktno doprinose otvaranju novih radnih mesta i ja\u010danju doma\u0107e privrede&#8220;, izjavio je Ivan Smiljkovi\u0107, \u010dlan Izvr\u0161nog odbora ProCredit banke.<\/p>\n<p>&#8222;Mala i srednja preduze\u0107a i preduzetnici predstavljaju najosetljiviji sektor srpske privrede. S druge strane, predstavljaju i njen najfleksibilniji i najinovativniji deo. Program &#8216;EY Preduzetnik godine&#8217; je sjajna prilika da se na pravi na\u010din istaknu oni koji su u proteklom periodu najvi\u0161e doprineli razvoju doma\u0107e privrede i da se poka\u017ee da je uloga preduzetnika kao nosioca budu\u0107eg ekonomskog i tehnolo\u0161kog razvoja svake godine sve va\u017enija. Privredna komora Srbije zala\u017ee se za podsticaj preduzetnicima u vidu poreskih kredita. Tako\u0111e, Privredna komora Srbije je u protekloj godini osnovala centar za digitalizaciju MSP kao instrument podr\u0161ke kompanijama u primeni najnovijih tehnolo\u0161kih re\u0161enja i prelasku u digitalno poslovanje&#8220;, istakao je Mihailo Vesovi\u0107, savetnik predsednika Privredne komore Srbije.<\/p>\n<p>Generalni sponzor programa &#8216;EY Preduzetnik godine\u2122&#8217; je ProCredit banka, a podr\u0161ku programu pru\u017eaju Ministarstvo privrede Republike Srbije, Radio Televizija Srbije, magazin Biznis &amp; Finansije i poslovni portal eKapija.<\/p>\n<p>Sve\u010dano progla\u0161enje nacionalnog pobednika bi\u0107e odr\u017eano 21. februara u hotelu Hyatt Regency u Beogradu, a na\u0161 predstavnik \u0107e konkurisati za priznanje &#8216;EY Svetski Preduzetnik godine\u2122&#8217; i prisustvovati sve\u010danoj ceremoniji u Monte Karlu u junu 2019. godine. Vi\u0161e informacija o programu &#8216;EY Preduzetnik godine\u2122&#8217; mo\u017eete dobiti na <a href=\"https:\/\/www.ey.com\/cs\/en\/home\/serbia-eoy-candidates-2018\">linku<\/a>.<\/p>\n<p>&nbsp;<\/p>\n","protected":false},"excerpt":{"rendered":"<p>11. II 2019. | Na konferenciji za medije odr\u017eanoj 7. februara revizorsko-konsultantska kompanija EY najavila je sedmi po redu izbor za priznanje &#8216;EY Preduzetnik godine\u2122&#8217;. Iz kompanije navode da kontinuiran rast broja kandidata iz godine u godinu potvr\u0111uje da u Srbiji postoji veliki potencijal za opstanak i razvoj preduzetni\u0161tva. Gotovo 200 preduzetnika koji su se [&hellip;]<\/p>\n","protected":false},"author":1,"featured_media":18171,"comment_status":"closed","ping_status":"open","sticky":false,"template":"","format":"standard","meta":{"pgc_sgb_lightbox_settings":""},"categories":[48],"tags":[],"_links":{"self":[{"href":"http:\/\/progressivemagazin.rs\/online\/wp-json\/wp\/v2\/posts\/18170"}],"collection":[{"href":"http:\/\/progressivemagazin.rs\/online\/wp-json\/wp\/v2\/posts"}],"about":[{"href":"http:\/\/progressivemagazin.rs\/online\/wp-json\/wp\/v2\/types\/post"}],"author":[{"embeddable":true,"href":"http:\/\/progressivemagazin.rs\/online\/wp-json\/wp\/v2\/users\/1"}],"replies":[{"embeddable":true,"href":"http:\/\/progressivemagazin.rs\/online\/wp-json\/wp\/v2\/comments?post=18170"}],"version-history":[{"count":3,"href":"http:\/\/progressivemagazin.rs\/online\/wp-json\/wp\/v2\/posts\/18170\/revisions"}],"predecessor-version":[{"id":18180,"href":"http:\/\/progressivemagazin.rs\/online\/wp-json\/wp\/v2\/posts\/18170\/revisions\/18180"}],"wp:featuredmedia":[{"embeddable":true,"href":"http:\/\/progressivemagazin.rs\/online\/wp-json\/wp\/v2\/media\/18171"}],"wp:attachment":[{"href":"http:\/\/progressivemagazin.rs\/online\/wp-json\/wp\/v2\/media?parent=18170"}],"wp:term":[{"taxonomy":"category","embeddable":true,"href":"http:\/\/progressivemagazin.rs\/online\/wp-json\/wp\/v2\/categories?post=18170"},{"taxonomy":"post_tag","embeddable":true,"href":"http:\/\/progressivemagazin.rs\/online\/wp-json\/wp\/v2\/tags?post=18170"}],"curies":[{"name":"wp","href":"https:\/\/api.w.org\/{rel}","templated":true}]}}