{"id":17132,"date":"2018-09-03T12:07:38","date_gmt":"2018-09-03T11:07:38","guid":{"rendered":"http:\/\/progressivemagazin.rs\/online\/?p=17132"},"modified":"2018-09-03T12:07:38","modified_gmt":"2018-09-03T11:07:38","slug":"idea-organizovala-akciju-mesec-beba","status":"publish","type":"post","link":"http:\/\/progressivemagazin.rs\/online\/idea-organizovala-akciju-mesec-beba\/","title":{"rendered":"IDEA ORGANIZOVALA AKCIJU &#8216;MESEC BEBA&#8217;"},"content":{"rendered":"<p><strong>03. IX 2018. |<\/strong> Idea je, tradicionalno, sedmi put zaredom, u Ni\u0161u organizovala akciju &#8216;Mesec beba&#8217; kojom je pru\u017eila podr\u0161ku bebama i njihovim roditeljima. Tom prilikom, u avgustu mesecu podeljeno je vi\u0161e od 350 paketi\u0107a neophodne opreme za prve dane novoro\u0111en\u010dadi, kao i sedam blizana\u010dkih kolica za roditelje koji su ove godine duplirali svoju sre\u0107u.<\/p>\n<p>U proteklih 6 godina Idea je kroz akciju Mesec beba podelila vi\u0161e od 2.000 paketi\u0107a i vi\u0161e od 40 blizana\u010dkih kolica za novoro\u0111ene bebe u Ni\u0161u. A o zna\u010daju ove akcije mo\u017eda najbolje govori i to da osmesi na licima mladih roditelja nisu izostali ni ove godine.<\/p>\n","protected":false},"excerpt":{"rendered":"<p>03. IX 2018. | Idea je, tradicionalno, sedmi put zaredom, u Ni\u0161u organizovala akciju &#8216;Mesec beba&#8217; kojom je pru\u017eila podr\u0161ku bebama i njihovim roditeljima. Tom prilikom, u avgustu mesecu podeljeno je vi\u0161e od 350 paketi\u0107a neophodne opreme za prve dane novoro\u0111en\u010dadi, kao i sedam blizana\u010dkih kolica za roditelje koji su ove godine duplirali svoju sre\u0107u. [&hellip;]<\/p>\n","protected":false},"author":1,"featured_media":17133,"comment_status":"closed","ping_status":"open","sticky":false,"template":"","format":"standard","meta":{"pgc_sgb_lightbox_settings":""},"categories":[48],"tags":[63,64,65],"_links":{"self":[{"href":"http:\/\/progressivemagazin.rs\/online\/wp-json\/wp\/v2\/posts\/17132"}],"collection":[{"href":"http:\/\/progressivemagazin.rs\/online\/wp-json\/wp\/v2\/posts"}],"about":[{"href":"http:\/\/progressivemagazin.rs\/online\/wp-json\/wp\/v2\/types\/post"}],"author":[{"embeddable":true,"href":"http:\/\/progressivemagazin.rs\/online\/wp-json\/wp\/v2\/users\/1"}],"replies":[{"embeddable":true,"href":"http:\/\/progressivemagazin.rs\/online\/wp-json\/wp\/v2\/comments?post=17132"}],"version-history":[{"count":1,"href":"http:\/\/progressivemagazin.rs\/online\/wp-json\/wp\/v2\/posts\/17132\/revisions"}],"predecessor-version":[{"id":17134,"href":"http:\/\/progressivemagazin.rs\/online\/wp-json\/wp\/v2\/posts\/17132\/revisions\/17134"}],"wp:featuredmedia":[{"embeddable":true,"href":"http:\/\/progressivemagazin.rs\/online\/wp-json\/wp\/v2\/media\/17133"}],"wp:attachment":[{"href":"http:\/\/progressivemagazin.rs\/online\/wp-json\/wp\/v2\/media?parent=17132"}],"wp:term":[{"taxonomy":"category","embeddable":true,"href":"http:\/\/progressivemagazin.rs\/online\/wp-json\/wp\/v2\/categories?post=17132"},{"taxonomy":"post_tag","embeddable":true,"href":"http:\/\/progressivemagazin.rs\/online\/wp-json\/wp\/v2\/tags?post=17132"}],"curies":[{"name":"wp","href":"https:\/\/api.w.org\/{rel}","templated":true}]}}